[{"command":"insert","method":"replaceWith","selector":"#indicator-content-ajax","data":"\n\n\u003C!-- THEME DEBUG --\u003E\n\u003C!-- THEME HOOK: \u0027container\u0027 --\u003E\n\u003C!-- \ud83d\udca1 BEGIN CUSTOM TEMPLATE OUTPUT from \u0027themes\/custom\/sub_noahs_theme\/templates\/form\/container.html.twig\u0027 --\u003E\n\u003Cdiv id=\u0022indicator-content-ajax\u0022 class=\u0022daba-bank-full-main  mb-lg-0\u0022\u003E\n\n\u003C!-- THEME DEBUG --\u003E\n\u003C!-- THEME HOOK: \u0027container\u0027 --\u003E\n\u003C!-- \ud83d\udca1 BEGIN CUSTOM TEMPLATE OUTPUT from \u0027themes\/custom\/sub_noahs_theme\/templates\/form\/container.html.twig\u0027 --\u003E\n\u003Cdiv class=\u0022data-bank-indicator-title text-uppercase fs-5 fw-bold pb-2 mb-lg-0\u0022\u003E\u003Cp\u003EPrincipales resultados\u003C\/p\u003E\n\u003C\/div\u003E\n\n\u003C!-- END CUSTOM TEMPLATE OUTPUT from \u0027themes\/custom\/sub_noahs_theme\/templates\/form\/container.html.twig\u0027 --\u003E\n\n\n\n\u003C!-- THEME DEBUG --\u003E\n\u003C!-- THEME HOOK: \u0027container\u0027 --\u003E\n\u003C!-- \ud83d\udca1 BEGIN CUSTOM TEMPLATE OUTPUT from \u0027themes\/custom\/sub_noahs_theme\/templates\/form\/container.html.twig\u0027 --\u003E\n\u003Cdiv class=\u0022o-field-value mb-lg-0\u0022\u003E\u003Cp\u003ELas personas con dificultad o limitaci\u00f3n que trabajan lo hacen, en mayor proporci\u00f3n que la poblaci\u00f3n total, como trabajadores por cuenta propia (43,5% frente al 33,3%), y en menor proporci\u00f3n que la poblaci\u00f3n total como empleados u obreros privados (24,4% frente al 34,1%). En el resto de las categor\u00edas ocupaciones no se observan diferencias de proporci\u00f3n significativas.\u003C\/p\u003E\u003Cp\u003EEstas mismas diferencias se dan, ligeramente m\u00e1s acentuadas, en el caso de las personas con discapacidad: entre ellas la proporci\u00f3n de trabajadores por cuenta propia asciende al 44,6%, y la de empleados u obreros privados baja hasta el 24,4%.\u003C\/p\u003E\u003Cp\u003EEn lo que respecta a la distribuci\u00f3n seg\u00fan ocupaci\u00f3n principal y rama de actividad, no se observan diferencias significativas entre la poblaci\u00f3n general, las personas con dificultades o limitaciones y la poblaci\u00f3n con discapacidad.\u003C\/p\u003E\u003C\/div\u003E\n\n\u003C!-- END CUSTOM TEMPLATE OUTPUT from \u0027themes\/custom\/sub_noahs_theme\/templates\/form\/container.html.twig\u0027 --\u003E\n\n\u003C\/div\u003E\n\n\u003C!-- END CUSTOM TEMPLATE OUTPUT from \u0027themes\/custom\/sub_noahs_theme\/templates\/form\/container.html.twig\u0027 --\u003E\n\n","settings":null,"effect":"fade","speed":"slow"}]