[{"command":"insert","method":"replaceWith","selector":"#indicator-content-ajax","data":"\n\n\u003C!-- THEME DEBUG --\u003E\n\u003C!-- THEME HOOK: \u0027container\u0027 --\u003E\n\u003C!-- \ud83d\udca1 BEGIN CUSTOM TEMPLATE OUTPUT from \u0027themes\/custom\/sub_noahs_theme\/templates\/form\/container.html.twig\u0027 --\u003E\n\u003Cdiv id=\u0022indicator-content-ajax\u0022 class=\u0022daba-bank-full-main  mb-lg-0\u0022\u003E\n\n\u003C!-- THEME DEBUG --\u003E\n\u003C!-- THEME HOOK: \u0027container\u0027 --\u003E\n\u003C!-- \ud83d\udca1 BEGIN CUSTOM TEMPLATE OUTPUT from \u0027themes\/custom\/sub_noahs_theme\/templates\/form\/container.html.twig\u0027 --\u003E\n\u003Cdiv class=\u0022data-bank-indicator-title text-uppercase fs-5 fw-bold pb-2 mb-lg-0\u0022\u003E\u003Cp\u003EPrincipales resultados\u003C\/p\u003E\n\u003C\/div\u003E\n\n\u003C!-- END CUSTOM TEMPLATE OUTPUT from \u0027themes\/custom\/sub_noahs_theme\/templates\/form\/container.html.twig\u0027 --\u003E\n\n\n\n\u003C!-- THEME DEBUG --\u003E\n\u003C!-- THEME HOOK: \u0027container\u0027 --\u003E\n\u003C!-- \ud83d\udca1 BEGIN CUSTOM TEMPLATE OUTPUT from \u0027themes\/custom\/sub_noahs_theme\/templates\/form\/container.html.twig\u0027 --\u003E\n\u003Cdiv class=\u0022o-field-value mb-lg-0\u0022\u003E\u003Cp\u003ELa Encuesta Nacional Continua por Muestreo de Hogares, en el m\u00f3dulo de discapacidad incluido en su aplicaci\u00f3n del tercer trimestre de 2022, identifica a m\u00e1s de 18,5 millones de personas con discapacidad, lo que supone una prevalencia del 8,9% sobre el total de la poblaci\u00f3n de dos y m\u00e1s a\u00f1os de edad.\u003C\/p\u003E\u003Cp\u003EPor tipos de dificultades, los grupos m\u00e1s numerosos est\u00e1n constituidos por las personas que tienen dificultades para caminar y subir o bajar escaleras (algo m\u00e1s de 7 millones, que suponen un 3,4% de la poblaci\u00f3n total de dos y m\u00e1s a\u00f1os) y por las personas con dificultades para ver (algo m\u00e1s de 6,5 millones y una prevalencia del 3,1%).\u0026nbsp;\u003C\/p\u003E\u003Cp\u003ELa prevalencia de la discapacidad es mayor en las mujeres (10,0%) que en los hombres (7,7%), y aumenta conforme lo hace la edad, hasta alcanzar el 43,7% entre los mayores de 75 a\u00f1os. Es m\u00e1s elevada entre las personas con menores niveles de estudios (21,3% entre quienes no tienen instrucci\u00f3n o han cursado menos de un a\u00f1o de estudios) y entre la poblaci\u00f3n no activa (19,1%).\u0026nbsp;\u003C\/p\u003E\u003Cp\u003ELa prevalencia de la discapacidad tambi\u00e9n es mayor en las \u00e1reas rurales (10,4%) que en las urbanas (8,7%). Conviene precisar que la PNADC cataloga como Zona urbana las sedes municipales (\u0022cidades\u0022) y las sedes de distritos (\u0022vilas\u0022), tal como establece el Decreto-ley\u003Cspan\u003E\u202f\u003C\/span\u003E311 de 1938, vigente en t\u00e9rminos administrativos, de manera que todo lo que se ubica dentro del \u00abper\u00edmetro urbano\u00bb oficial (definido por cada municipio) se considera zona urbana, y todo el territorio fuera del per\u00edmetro urbano municipal, es decir, lo que no est\u00e1 designado por ley municipal como urbano, lo considera zona rural. La consideraci\u00f3n como zona urbana o rural no depende por tanto de la densidad, el n\u00famero de habitantes o la dotaci\u00f3n de servicios, sino de la delimitaci\u00f3n legal municipal.\u003C\/p\u003E\u003Cp\u003EPor Unidades Federativas (concepto que comprende a los 26 estados y el Distrito Federal que alberga la capital, Brasilia), la mayor prevalencia se registra en Sergipe (12,1%) y la menor en Amazonas (6,3%). Otros estados con prevalencias altas (superiores al 10%) son Cear\u00e1, Piau\u00ed, Alagoas, Bah\u00eda y Pernambuco, y con prevalencias bajas (inferiores al 7%), Roraima y Santa Catarina.\u003C\/p\u003E\u003Cp\u003E\u0026nbsp;\u003C\/p\u003E\u003C\/div\u003E\n\n\u003C!-- END CUSTOM TEMPLATE OUTPUT from \u0027themes\/custom\/sub_noahs_theme\/templates\/form\/container.html.twig\u0027 --\u003E\n\n\u003C\/div\u003E\n\n\u003C!-- END CUSTOM TEMPLATE OUTPUT from \u0027themes\/custom\/sub_noahs_theme\/templates\/form\/container.html.twig\u0027 --\u003E\n\n","settings":null,"effect":"fade","speed":"slow"}]