[{"command":"insert","method":"replaceWith","selector":"#indicator-content-ajax","data":"\n\n\u003C!-- THEME DEBUG --\u003E\n\u003C!-- THEME HOOK: \u0027container\u0027 --\u003E\n\u003C!-- \ud83d\udca1 BEGIN CUSTOM TEMPLATE OUTPUT from \u0027themes\/custom\/sub_noahs_theme\/templates\/form\/container.html.twig\u0027 --\u003E\n\u003Cdiv id=\u0022indicator-content-ajax\u0022 class=\u0022daba-bank-full-main  mb-lg-0\u0022\u003E\n\n\u003C!-- THEME DEBUG --\u003E\n\u003C!-- THEME HOOK: \u0027container\u0027 --\u003E\n\u003C!-- \ud83d\udca1 BEGIN CUSTOM TEMPLATE OUTPUT from \u0027themes\/custom\/sub_noahs_theme\/templates\/form\/container.html.twig\u0027 --\u003E\n\u003Cdiv class=\u0022data-bank-indicator-title text-uppercase fs-5 fw-bold pb-2 mb-lg-0\u0022\u003E\u003Cp\u003EDefinici\u00f3n y fuentes\u003C\/p\u003E\n\u003C\/div\u003E\n\n\u003C!-- END CUSTOM TEMPLATE OUTPUT from \u0027themes\/custom\/sub_noahs_theme\/templates\/form\/container.html.twig\u0027 --\u003E\n\n\n\n\u003C!-- THEME DEBUG --\u003E\n\u003C!-- THEME HOOK: \u0027container\u0027 --\u003E\n\u003C!-- \ud83d\udca1 BEGIN CUSTOM TEMPLATE OUTPUT from \u0027themes\/custom\/sub_noahs_theme\/templates\/form\/container.html.twig\u0027 --\u003E\n\u003Cdiv class=\u0022o-field-value mb-lg-0\u0022\u003E\u003Cp\u003ELa tasa de actividad representa la relaci\u00f3n entre la poblaci\u00f3n activa (ocupada, que busca empleo o aun no buscando estar\u00eda dispuesta a trabajar) y el total de la poblaci\u00f3n en edad de trabajar (la Encuesta Nacional Continua por Muestreo de Hogares, en el m\u00f3dulo de discapacidad incluido en su aplicaci\u00f3n del tercer trimestre de 2022, consider\u00f3 que estaban en edad de trabajar las personas de 14 y m\u00e1s a\u00f1os).\u0026nbsp;\u003C\/p\u003E\u003Cp\u003E\u003Cstrong\u003EFuente\u003C\/strong\u003E:\u003C\/p\u003E\u003Cp\u003EPesquisa Nacional por Amostra de Domicilios Continua, PNADC, 3er Trimestre de 2022\u003C\/p\u003E\u003Cp\u003E\u003Cstrong\u003EMetodolog\u00eda\u003C\/strong\u003E:\u003C\/p\u003E\u003Cp\u003EElaboraci\u00f3n propia a partir de los microdatos publicados para uso estad\u00edstico.\u003C\/p\u003E\u003C\/div\u003E\n\n\u003C!-- END CUSTOM TEMPLATE OUTPUT from \u0027themes\/custom\/sub_noahs_theme\/templates\/form\/container.html.twig\u0027 --\u003E\n\n\u003C\/div\u003E\n\n\u003C!-- END CUSTOM TEMPLATE OUTPUT from \u0027themes\/custom\/sub_noahs_theme\/templates\/form\/container.html.twig\u0027 --\u003E\n\n","settings":null,"effect":"fade","speed":"slow"}]