[{"command":"insert","method":"replaceWith","selector":"#indicator-content-ajax","data":"\n\n\u003C!-- THEME DEBUG --\u003E\n\u003C!-- THEME HOOK: \u0027container\u0027 --\u003E\n\u003C!-- \ud83d\udca1 BEGIN CUSTOM TEMPLATE OUTPUT from \u0027themes\/custom\/sub_noahs_theme\/templates\/form\/container.html.twig\u0027 --\u003E\n\u003Cdiv id=\u0022indicator-content-ajax\u0022 class=\u0022daba-bank-full-main  mb-lg-0\u0022\u003E\n\n\u003C!-- THEME DEBUG --\u003E\n\u003C!-- THEME HOOK: \u0027container\u0027 --\u003E\n\u003C!-- \ud83d\udca1 BEGIN CUSTOM TEMPLATE OUTPUT from \u0027themes\/custom\/sub_noahs_theme\/templates\/form\/container.html.twig\u0027 --\u003E\n\u003Cdiv class=\u0022data-bank-indicator-title text-uppercase fs-5 fw-bold pb-2 mb-lg-0\u0022\u003E\u003Cp\u003EPrincipales resultados\u003C\/p\u003E\n\u003C\/div\u003E\n\n\u003C!-- END CUSTOM TEMPLATE OUTPUT from \u0027themes\/custom\/sub_noahs_theme\/templates\/form\/container.html.twig\u0027 --\u003E\n\n\n\n\u003C!-- THEME DEBUG --\u003E\n\u003C!-- THEME HOOK: \u0027container\u0027 --\u003E\n\u003C!-- \ud83d\udca1 BEGIN CUSTOM TEMPLATE OUTPUT from \u0027themes\/custom\/sub_noahs_theme\/templates\/form\/container.html.twig\u0027 --\u003E\n\u003Cdiv class=\u0022o-field-value mb-lg-0\u0022\u003E\u003Cp\u003ELa tasa de actividad de la poblaci\u00f3n con discapacidad en Brasil, seg\u00fan la Encuesta Nacional Continua por Muestreo de Hogares (tercer trimestre de 2022), es del 29,2%, muy por debajo del 62,7% que registra la poblaci\u00f3n total en edad de trabajar.\u003Cspan\u003E\u0026nbsp; \u003C\/span\u003EEs mayor en los hombres (35,1%) que en las mujeres (25,2%), y alcanza su m\u00e1ximo en el grupo de edad de entre 25 y 34 a\u00f1os (56,3%). Aumenta con el nivel de instrucci\u00f3n, desde un 10,3% entre quienes no tienen instrucci\u00f3n o han cursado menos de un a\u00f1o de estudios (10,3%) hasta alcanzar su m\u00e1ximo valor entre quienes tienen educaci\u00f3n superior incompleta o equivalente (61,7%), para descender despu\u00e9s en el grupo de personas con educaci\u00f3n superior completa (54,7%).\u003C\/p\u003E\u003Cp\u003EPor tipo de dificultad, las tasas de actividad m\u00e1s altas se registran entre quienes tienen dificultades para ver (34,1%) para o\u00edr (25,5%) y para aprender, recordar y concentrarse (36,4%), y las m\u00e1s bajas entre las personas con dificultades para el cuidado personal (4,0%), las personas con dificultades de la comunicaci\u00f3n (11,0%) y las personas con dificultades de movilidad (14,0% en el caso de personas con dificultades para manipular objetos peque\u00f1os, y 15,3% entre quienes tienen dificultades para caminar y subir o bajar escaleras y entre quienes tienen dificultades para levantar una botella de agua de un litro por encima de los hombros).\u003C\/p\u003E\u003Cp\u003ELa tasa de actividad de las personas con discapacidad es m\u00e1s alta en las zonas urbanas (29,7%) que en las rurales (26,8%). Por unidades federativas, la tasa de actividad m\u00e1s alta se registra en el Distrito Federal (42,2%), seguido de los estados de Mato Grosso (38,5%), Par\u00e1 (37,1%), Amap\u00e1 (36,8%) y Amazonas (36,4%), y las m\u00e1s bajas en los estados de Alagoas (24,0%), Piau\u00ed y Para\u00edba (ambos con el 24,9%), R\u00edo de Janeiro (25,3%), Pernambuco y Cear\u00e1 (ambos con el 25,5%) y R\u00edo Grande do Norte (26,3%).\u003C\/p\u003E\u003C\/div\u003E\n\n\u003C!-- END CUSTOM TEMPLATE OUTPUT from \u0027themes\/custom\/sub_noahs_theme\/templates\/form\/container.html.twig\u0027 --\u003E\n\n\u003C\/div\u003E\n\n\u003C!-- END CUSTOM TEMPLATE OUTPUT from \u0027themes\/custom\/sub_noahs_theme\/templates\/form\/container.html.twig\u0027 --\u003E\n\n","settings":null,"effect":"fade","speed":"slow"}]