[{"command":"insert","method":"replaceWith","selector":"#indicator-content-ajax","data":"\n\n\u003C!-- THEME DEBUG --\u003E\n\u003C!-- THEME HOOK: \u0027container\u0027 --\u003E\n\u003C!-- \ud83d\udca1 BEGIN CUSTOM TEMPLATE OUTPUT from \u0027themes\/custom\/sub_noahs_theme\/templates\/form\/container.html.twig\u0027 --\u003E\n\u003Cdiv id=\u0022indicator-content-ajax\u0022 class=\u0022daba-bank-full-main  mb-lg-0\u0022\u003E\n\n\u003C!-- THEME DEBUG --\u003E\n\u003C!-- THEME HOOK: \u0027container\u0027 --\u003E\n\u003C!-- \ud83d\udca1 BEGIN CUSTOM TEMPLATE OUTPUT from \u0027themes\/custom\/sub_noahs_theme\/templates\/form\/container.html.twig\u0027 --\u003E\n\u003Cdiv class=\u0022data-bank-indicator-title text-uppercase fs-5 fw-bold pb-2 mb-lg-0\u0022\u003E\u003Cp\u003EPrincipales resultados\u003C\/p\u003E\n\u003C\/div\u003E\n\n\u003C!-- END CUSTOM TEMPLATE OUTPUT from \u0027themes\/custom\/sub_noahs_theme\/templates\/form\/container.html.twig\u0027 --\u003E\n\n\n\n\u003C!-- THEME DEBUG --\u003E\n\u003C!-- THEME HOOK: \u0027container\u0027 --\u003E\n\u003C!-- \ud83d\udca1 BEGIN CUSTOM TEMPLATE OUTPUT from \u0027themes\/custom\/sub_noahs_theme\/templates\/form\/container.html.twig\u0027 --\u003E\n\u003Cdiv class=\u0022o-field-value mb-lg-0\u0022\u003E\u003Cp\u003ELa tasa de empleo de la poblaci\u00f3n con discapacidad en Brasil, seg\u00fan la Encuesta Nacional Continua por Muestreo de Hogares (tercer trimestre de 2022), es del 26,6%, muy por debajo del 57,2% que registra la poblaci\u00f3n total en edad de trabajar.\u003Cspan\u003E\u0026nbsp; \u003C\/span\u003EEs mayor en los hombres (32,7%) que en las mujeres (22,4%), y alcanza su m\u00e1ximo en el grupo de edad de entre 35 y 44 a\u00f1os (51,7%). Aumenta con el nivel de instrucci\u00f3n, desde un 10,3% entre quienes no tienen instrucci\u00f3n o han cursado menos de un a\u00f1o de estudios (9,6%) hasta alcanzar su m\u00e1ximo valor entre quienes tienen educaci\u00f3n superior incompleta o equivalente (56,4%), para descender despu\u00e9s en el grupo de personas con educaci\u00f3n superior completa (51,7%).\u003C\/p\u003E\u003Cp\u003EPor tipo de dificultad, las tasas de empleo m\u00e1s altas se registran entre quienes tienen dificultades para ver (30,9%) para o\u00edr (24,4%) y para aprender, recordar y concentrarse (23,7%), y las m\u00e1s bajas entre las personas con dificultades para el cuidado personal (3,8%), las personas con dificultades de la comunicaci\u00f3n (10,1%) y las personas con dificultades de movilidad (12,6% en el caso de personas con dificultades para manipular objetos peque\u00f1os, 13,8% entre quienes tienen dificultades para levantar una botella de agua de un litro por encima de los hombros y 14,3% entre quienes tienen dificultades para caminar y subir o bajar escaleras).\u003C\/p\u003E\u003Cp\u003ELa tasa de empleo de las personas con discapacidad es m\u00e1s alta en las zonas urbanas (26,8%) que en las rurales (25,2%). Por unidades federativas, la tasa de empleo m\u00e1s alta se registra en el estado de Mato Grosso (37,6%), seguido del Distrito Federal (36,2%) y de los estados de Par\u00e1 (34,7%), Amazonas (33,5%) y Roraima (33,1%), y las m\u00e1s bajas en los estados de Alagoas (21,5%), Pernambuco (21,9), R\u00edo de Janeiro (22,6%), Para\u00edba (22,7%),Piau\u00ed (23,0%) y Cear\u00e1 (23,7%).\u003C\/p\u003E\u003C\/div\u003E\n\n\u003C!-- END CUSTOM TEMPLATE OUTPUT from \u0027themes\/custom\/sub_noahs_theme\/templates\/form\/container.html.twig\u0027 --\u003E\n\n\u003C\/div\u003E\n\n\u003C!-- END CUSTOM TEMPLATE OUTPUT from \u0027themes\/custom\/sub_noahs_theme\/templates\/form\/container.html.twig\u0027 --\u003E\n\n","settings":null,"effect":"fade","speed":"slow"}]