[{"command":"insert","method":"replaceWith","selector":"#indicator-content-ajax","data":"\n\n\u003C!-- THEME DEBUG --\u003E\n\u003C!-- THEME HOOK: \u0027container\u0027 --\u003E\n\u003C!-- \ud83d\udca1 BEGIN CUSTOM TEMPLATE OUTPUT from \u0027themes\/custom\/sub_noahs_theme\/templates\/form\/container.html.twig\u0027 --\u003E\n\u003Cdiv id=\u0022indicator-content-ajax\u0022 class=\u0022daba-bank-full-main  mb-lg-0\u0022\u003E\n\n\u003C!-- THEME DEBUG --\u003E\n\u003C!-- THEME HOOK: \u0027container\u0027 --\u003E\n\u003C!-- \ud83d\udca1 BEGIN CUSTOM TEMPLATE OUTPUT from \u0027themes\/custom\/sub_noahs_theme\/templates\/form\/container.html.twig\u0027 --\u003E\n\u003Cdiv class=\u0022data-bank-indicator-title text-uppercase fs-5 fw-bold pb-2 mb-lg-0\u0022\u003E\u003Cp\u003EDefinici\u00f3n y fuentes\u003C\/p\u003E\n\u003C\/div\u003E\n\n\u003C!-- END CUSTOM TEMPLATE OUTPUT from \u0027themes\/custom\/sub_noahs_theme\/templates\/form\/container.html.twig\u0027 --\u003E\n\n\n\n\u003C!-- THEME DEBUG --\u003E\n\u003C!-- THEME HOOK: \u0027container\u0027 --\u003E\n\u003C!-- \ud83d\udca1 BEGIN CUSTOM TEMPLATE OUTPUT from \u0027themes\/custom\/sub_noahs_theme\/templates\/form\/container.html.twig\u0027 --\u003E\n\u003Cdiv class=\u0022o-field-value mb-lg-0\u0022\u003E\u003Cp\u003ELa tasa de desempleo representa la relaci\u00f3n entre la poblaci\u00f3n desempleada (poblaci\u00f3n en edad de trabajar que no est\u00e1 ocupada, pero que busca empleo o aun no buscando estar\u00eda dispuesta a trabajar) y la poblaci\u00f3n activa. Este indicador se refiere a la poblaci\u00f3n de 14 y m\u00e1s a\u00f1os, que la Encuesta Nacional Continua por Muestreo de Hogares, en el m\u00f3dulo de discapacidad incluido en su aplicaci\u00f3n del tercer trimestre de 2022, consider\u00f3 que estaba en edad de trabajar.\u003C\/p\u003E\u003Cp\u003ESe consideran desempleadas las personas sin trabajo (que genera ingresos para el hogar) durante la semana de referencia, que realizaron alguna acci\u00f3n efectiva para obtenerlo durante el per\u00edodo de referencia de 30 d\u00edas y que estaban disponibles para comenzar a trabajar durante la semana de referencia.\u003C\/p\u003E\u003Cp\u003E\u003Cspan lang=\u0022ES-TRAD\u0022\u003ELas personas sin trabajo durante la semana de referencia que no realizaron ninguna acci\u00f3n efectiva para obtener trabajo durante el per\u00edodo de referencia de 30 d\u00edas porque ya hab\u00edan obtenido un trabajo que comenzar\u00eda despu\u00e9s de la semana de referencia tambi\u00e9n se consideran desempleadas.\u0026nbsp;\u003C\/span\u003E\u003C\/p\u003E\u003Cp\u003E\u003Cstrong\u003EFuente\u003C\/strong\u003E:\u003C\/p\u003E\u003Cp\u003EPesquisa Nacional por Amostra de Domicilios Continua, PNADC, 3er Trimestre de 2022\u003C\/p\u003E\u003Cp\u003E\u003Cstrong\u003EMetodolog\u00eda\u003C\/strong\u003E:\u003C\/p\u003E\u003Cp\u003EElaboraci\u00f3n propia a partir de los microdatos publicados para uso estad\u00edstico.\u003C\/p\u003E\u003C\/div\u003E\n\n\u003C!-- END CUSTOM TEMPLATE OUTPUT from \u0027themes\/custom\/sub_noahs_theme\/templates\/form\/container.html.twig\u0027 --\u003E\n\n\u003C\/div\u003E\n\n\u003C!-- END CUSTOM TEMPLATE OUTPUT from \u0027themes\/custom\/sub_noahs_theme\/templates\/form\/container.html.twig\u0027 --\u003E\n\n","settings":null,"effect":"fade","speed":"slow"}]