[{"command":"insert","method":"replaceWith","selector":"#indicator-content-ajax","data":"\n\n\u003C!-- THEME DEBUG --\u003E\n\u003C!-- THEME HOOK: \u0027container\u0027 --\u003E\n\u003C!-- \ud83d\udca1 BEGIN CUSTOM TEMPLATE OUTPUT from \u0027themes\/custom\/sub_noahs_theme\/templates\/form\/container.html.twig\u0027 --\u003E\n\u003Cdiv id=\u0022indicator-content-ajax\u0022 class=\u0022daba-bank-full-main  mb-lg-0\u0022\u003E\n\n\u003C!-- THEME DEBUG --\u003E\n\u003C!-- THEME HOOK: \u0027container\u0027 --\u003E\n\u003C!-- \ud83d\udca1 BEGIN CUSTOM TEMPLATE OUTPUT from \u0027themes\/custom\/sub_noahs_theme\/templates\/form\/container.html.twig\u0027 --\u003E\n\u003Cdiv class=\u0022data-bank-indicator-title text-uppercase fs-5 fw-bold pb-2 mb-lg-0\u0022\u003E\u003Cp\u003EPrincipales resultados\u003C\/p\u003E\n\u003C\/div\u003E\n\n\u003C!-- END CUSTOM TEMPLATE OUTPUT from \u0027themes\/custom\/sub_noahs_theme\/templates\/form\/container.html.twig\u0027 --\u003E\n\n\n\n\u003C!-- THEME DEBUG --\u003E\n\u003C!-- THEME HOOK: \u0027container\u0027 --\u003E\n\u003C!-- \ud83d\udca1 BEGIN CUSTOM TEMPLATE OUTPUT from \u0027themes\/custom\/sub_noahs_theme\/templates\/form\/container.html.twig\u0027 --\u003E\n\u003Cdiv class=\u0022o-field-value mb-lg-0\u0022\u003E\u003Cp\u003ELa tasa de desempleo de la poblaci\u00f3n con discapacidad en Brasil, seg\u00fan la Encuesta Nacional Continua por Muestreo de Hogares (tercer trimestre de 2022), es del 9,1%, ligeramente superior al 8,7% que registra la poblaci\u00f3n total.\u003Cspan\u003E\u0026nbsp; \u003C\/span\u003EEs mayor en las mujeres (11,2%) que en las mujeres (6,9%), y alcanza su m\u00e1ximo en el grupo de edad de entre 14 y 24 a\u00f1os (21,1%) para descender despu\u00e9s hasta el 3,9% en el grupo de edad de entre 65 a 74 a\u00f1os y repuntar hasta el 4,8% entre los mayores de 75 a\u00f1os.\u0026nbsp;\u003C\/p\u003E\u003Cp\u003EPor tipo de dificultad, las tasas de desempleo m\u00e1s altas se registran entre quienes tienen dificultades para aprender, recordar y concentrarse (10,4%), seguidas de quienes tienen dificultades para manipular objetos peque\u00f1os (9,7%) y quienes tienen dificultades para levantar una botella de agua de un litro por encima de los hombros (9,4%), mientras que las m\u00e1s bajas se registran entre las personas con dificultades para el cuidado personal (4,9%) y entre las personas con dificultades para caminar y subir o bajar escaleras (6,8%). Las personas con dificultades de la comunicaci\u00f3n (10,1%), con dificultades para ver (9,4%), con dificultades para o\u00edr (7,8%) tienen tasas de desempleo intermedias.\u003C\/p\u003E\u003Cp\u003ELa tasa de desempleo de las personas con discapacidad es m\u00e1s alta en las zonas urbanas (9,6%) que en las rurales (5,7%). Por unidades federativas, la tasa de desempleo m\u00e1s alta se registra en el estado de Sergipe (16,4%), seguido del estado de Pernambuco (14,3%), el Distrito Federal (tambi\u00e9n 14,3%) y el estado de Bah\u00eda (13,8%), mientras que las tasas de desempleo m\u00e1s bajas se dan en el estado de Mato Grosso (2,3%), Tocantins (3,4%), Rond\u00f4nia (4,1%) y Roraima (4,7%).\u0026nbsp;\u003C\/p\u003E\u003C\/div\u003E\n\n\u003C!-- END CUSTOM TEMPLATE OUTPUT from \u0027themes\/custom\/sub_noahs_theme\/templates\/form\/container.html.twig\u0027 --\u003E\n\n\u003C\/div\u003E\n\n\u003C!-- END CUSTOM TEMPLATE OUTPUT from \u0027themes\/custom\/sub_noahs_theme\/templates\/form\/container.html.twig\u0027 --\u003E\n\n","settings":null,"effect":"fade","speed":"slow"}]