[{"command":"insert","method":"replaceWith","selector":"#indicator-content-ajax","data":"\n\n\u003C!-- THEME DEBUG --\u003E\n\u003C!-- THEME HOOK: \u0027container\u0027 --\u003E\n\u003C!-- \ud83d\udca1 BEGIN CUSTOM TEMPLATE OUTPUT from \u0027themes\/custom\/sub_noahs_theme\/templates\/form\/container.html.twig\u0027 --\u003E\n\u003Cdiv id=\u0022indicator-content-ajax\u0022 class=\u0022daba-bank-full-main  mb-lg-0\u0022\u003E\n\n\u003C!-- THEME DEBUG --\u003E\n\u003C!-- THEME HOOK: \u0027container\u0027 --\u003E\n\u003C!-- \ud83d\udca1 BEGIN CUSTOM TEMPLATE OUTPUT from \u0027themes\/custom\/sub_noahs_theme\/templates\/form\/container.html.twig\u0027 --\u003E\n\u003Cdiv class=\u0022data-bank-indicator-title text-uppercase fs-5 fw-bold pb-2 mb-lg-0\u0022\u003E\u003Cp\u003EPrincipales resultados\u003C\/p\u003E\n\u003C\/div\u003E\n\n\u003C!-- END CUSTOM TEMPLATE OUTPUT from \u0027themes\/custom\/sub_noahs_theme\/templates\/form\/container.html.twig\u0027 --\u003E\n\n\n\n\u003C!-- THEME DEBUG --\u003E\n\u003C!-- THEME HOOK: \u0027container\u0027 --\u003E\n\u003C!-- \ud83d\udca1 BEGIN CUSTOM TEMPLATE OUTPUT from \u0027themes\/custom\/sub_noahs_theme\/templates\/form\/container.html.twig\u0027 --\u003E\n\u003Cdiv class=\u0022o-field-value mb-lg-0\u0022\u003E\u003Cp\u003ELa posici\u00f3n ocupacional m\u00e1s frecuente entre las personas con discapacidad ocupadas es la de trabajador por cuenta propia (36,5%), seguida a corta distancia por la de empleado en el sector privado (35,4%). El 11,5% de las personas con discapacidad ocupadas son empleados en el sector p\u00fablico (esta categor\u00eda incluye los servidores estatutarios y los militares), el 10,1% trabajadores dom\u00e9sticos, el 3,7% empleadores, y el 2,8% trabajadores familiares auxiliares.\u003C\/p\u003E\u003Cp\u003EEn comparaci\u00f3n con el conjunto de la poblaci\u00f3n ocupada, en la poblaci\u00f3n con discapacidad son mayores los porcentajes que suponen los trabajadores por cuenta propia (35,5% frente a 25,9%), los trabajadores dom\u00e9sticos (10,1% frente a 5,9%) y los trabajadores familiares auxiliares (2,8% frente a 1,7%), e inferiores los\u003Cspan\u003E\u0026nbsp; \u003C\/span\u003Ede empleados en el sector privado (35,4% frente a 49,8%) y empleadores (3,7% frente a 4,4%).\u0026nbsp;\u003C\/p\u003E\u003Cp\u003ESe aprecian diferencias importantes en la distribuci\u00f3n por posici\u00f3n ocupacional de la poblaci\u00f3n con discapacidad ocupada entre las zonas urbanas y las rurales. En estas \u00faltimas es bastante m\u00e1s alto el porcentaje de trabajadores por cuenta propia y de trabajadores familiares auxiliares, mientras que el resto de las categor\u00edas est\u00e1n infrarrepresentadas.\u003C\/p\u003E\u003C\/div\u003E\n\n\u003C!-- END CUSTOM TEMPLATE OUTPUT from \u0027themes\/custom\/sub_noahs_theme\/templates\/form\/container.html.twig\u0027 --\u003E\n\n\u003C\/div\u003E\n\n\u003C!-- END CUSTOM TEMPLATE OUTPUT from \u0027themes\/custom\/sub_noahs_theme\/templates\/form\/container.html.twig\u0027 --\u003E\n\n","settings":null,"effect":"fade","speed":"slow"}]