[{"command":"insert","method":"replaceWith","selector":"#indicator-content-ajax","data":"\n\n\u003C!-- THEME DEBUG --\u003E\n\u003C!-- THEME HOOK: \u0027container\u0027 --\u003E\n\u003C!-- \ud83d\udca1 BEGIN CUSTOM TEMPLATE OUTPUT from \u0027themes\/custom\/sub_noahs_theme\/templates\/form\/container.html.twig\u0027 --\u003E\n\u003Cdiv id=\u0022indicator-content-ajax\u0022 class=\u0022daba-bank-full-main  mb-lg-0\u0022\u003E\n\n\u003C!-- THEME DEBUG --\u003E\n\u003C!-- THEME HOOK: \u0027container\u0027 --\u003E\n\u003C!-- \ud83d\udca1 BEGIN CUSTOM TEMPLATE OUTPUT from \u0027themes\/custom\/sub_noahs_theme\/templates\/form\/container.html.twig\u0027 --\u003E\n\u003Cdiv class=\u0022data-bank-indicator-title text-uppercase fs-5 fw-bold pb-2 mb-lg-0\u0022\u003E\u003Cp\u003EDefinici\u00f3n y fuentes\u003C\/p\u003E\n\u003C\/div\u003E\n\n\u003C!-- END CUSTOM TEMPLATE OUTPUT from \u0027themes\/custom\/sub_noahs_theme\/templates\/form\/container.html.twig\u0027 --\u003E\n\n\n\n\u003C!-- THEME DEBUG --\u003E\n\u003C!-- THEME HOOK: \u0027container\u0027 --\u003E\n\u003C!-- \ud83d\udca1 BEGIN CUSTOM TEMPLATE OUTPUT from \u0027themes\/custom\/sub_noahs_theme\/templates\/form\/container.html.twig\u0027 --\u003E\n\u003Cdiv class=\u0022o-field-value mb-lg-0\u0022\u003E\u003Cp\u003ELa tasa de empleo representa la relaci\u00f3n entre la poblaci\u00f3n ocupada y el total de la poblaci\u00f3n de 15 y m\u00e1s a\u00f1os.\u0026nbsp;\u003C\/p\u003E\u003Cp\u003EDentro de la poblaci\u00f3n ocupada, el Censo contempla las dos situaciones siguientes:\u003C\/p\u003E\u003Cul\u003E\u003Cli\u003ETrabaj\u00f3. Persona que trabaj\u00f3 como m\u00ednimo 8 horas en la semana anterior al D\u00eda del Censo en una ocupaci\u00f3n del sector estatal, cooperativo, privado, por su cuenta u otro trabajo, tanto dentro del territorio nacional como en el extranjero (embajadas, consulados, oficinas comerciales, misiones, embarcaciones navales o a\u00e9reas, otras).\u003C\/li\u003E\u003Cli\u003ETen\u00eda trabajo, pero no trabaj\u00f3. Comprende a todas las personas que en la semana de referencia, ten\u00edan asegurado un empleo, pero no trabajaron por alguna de las siguientes causas:\u003Cul\u003E\u003Cli\u003EVacaciones\u003C\/li\u003E\u003Cli\u003EEnfermedad temporal\u003C\/li\u003E\u003Cli\u003EAccidente de trabajo u otro tipo de accidente\u003C\/li\u003E\u003Cli\u003ELicencia sin sueldo\u003C\/li\u003E\u003Cli\u003ELicencia por maternidad\u003C\/li\u003E\u003Cli\u003ELicencia deportiva\u003C\/li\u003E\u003Cli\u003EMovilizado\u003C\/li\u003E\u003Cli\u003EAfectaciones por materias primas, combustibles y otros.\u003C\/li\u003E\u003Cli\u003EOtra interrupci\u00f3n laboral temporal que le permita incorporarse posteriormente al trabajo. Se incluyen los que est\u00e1n tramitando la jubilaci\u00f3n y no han perdido su v\u00ednculo con el centro de trabajo.\u003C\/li\u003E\u003C\/ul\u003E\u003C\/li\u003E\u003C\/ul\u003E\u003Cp\u003E\u003Cstrong\u003EFuente\u003C\/strong\u003E:\u003C\/p\u003E\u003Cp\u003EOficina Nacional de Estad\u00edstica e Informaci\u00f3n, ONEI (2014): Censo de Poblaci\u00f3n y Viviendas Cuba 2012. Informe Nacional\u0026nbsp;\u003C\/p\u003E\u003Cp\u003E\u003Cstrong\u003EMetodolog\u00eda\u003C\/strong\u003E:\u003C\/p\u003E\u003Cp\u003EElaboraci\u00f3n propia a partir de las tablas publicadas.\u003C\/p\u003E\u003C\/div\u003E\n\n\u003C!-- END CUSTOM TEMPLATE OUTPUT from \u0027themes\/custom\/sub_noahs_theme\/templates\/form\/container.html.twig\u0027 --\u003E\n\n\u003C\/div\u003E\n\n\u003C!-- END CUSTOM TEMPLATE OUTPUT from \u0027themes\/custom\/sub_noahs_theme\/templates\/form\/container.html.twig\u0027 --\u003E\n\n","settings":null,"effect":"fade","speed":"slow"}]