[{"command":"insert","method":"replaceWith","selector":"#indicator-content-ajax","data":"\n\n\u003C!-- THEME DEBUG --\u003E\n\u003C!-- THEME HOOK: \u0027container\u0027 --\u003E\n\u003C!-- \ud83d\udca1 BEGIN CUSTOM TEMPLATE OUTPUT from \u0027themes\/custom\/sub_noahs_theme\/templates\/form\/container.html.twig\u0027 --\u003E\n\u003Cdiv id=\u0022indicator-content-ajax\u0022 class=\u0022daba-bank-full-main  mb-lg-0\u0022\u003E\n\n\u003C!-- THEME DEBUG --\u003E\n\u003C!-- THEME HOOK: \u0027container\u0027 --\u003E\n\u003C!-- \ud83d\udca1 BEGIN CUSTOM TEMPLATE OUTPUT from \u0027themes\/custom\/sub_noahs_theme\/templates\/form\/container.html.twig\u0027 --\u003E\n\u003Cdiv class=\u0022data-bank-indicator-title text-uppercase fs-5 fw-bold pb-2 mb-lg-0\u0022\u003E\u003Cp\u003EDefinici\u00f3n y fuentes\u003C\/p\u003E\n\u003C\/div\u003E\n\n\u003C!-- END CUSTOM TEMPLATE OUTPUT from \u0027themes\/custom\/sub_noahs_theme\/templates\/form\/container.html.twig\u0027 --\u003E\n\n\n\n\u003C!-- THEME DEBUG --\u003E\n\u003C!-- THEME HOOK: \u0027container\u0027 --\u003E\n\u003C!-- \ud83d\udca1 BEGIN CUSTOM TEMPLATE OUTPUT from \u0027themes\/custom\/sub_noahs_theme\/templates\/form\/container.html.twig\u0027 --\u003E\n\u003Cdiv class=\u0022o-field-value mb-lg-0\u0022\u003E\u003Cp\u003ELas diferentes situaciones en que se puede encontrar la poblaci\u00f3n no econ\u00f3micamente activa son las siguientes:\u003C\/p\u003E\u003Cp\u003E\u003Cstrong\u003EJubilado o pensionado por edad\u003C\/strong\u003E. Es la persona que no realiz\u00f3 trabajo remunerado alguno, o que lo efectu\u00f3 en un tiempo menor de 8 horas en la semana de referencia, y que percibe ingresos procedentes de la Seguridad Social por haber llegado a la edad de jubilaci\u00f3n. Estos ingresos provienen de una vinculaci\u00f3n laboral anterior del trabajador. Si en la semana de referencia una persona que recibe pensi\u00f3n de la Seguridad Social trabaj\u00f3 m\u00e1s de 8 horas, se considera que trabaj\u00f3.\u003C\/p\u003E\u003Cp\u003E\u003Cstrong\u003EOtros pensionados\u003C\/strong\u003E. Es a la persona que no realiz\u00f3 trabajo remunerado alguno, o que lo efectu\u00f3 en un tiempo menor de 8 horas en la semana de referencia, y que percibe ingresos procedentes de la Seguridad Social por invalidez para el trabajo, viudez, orfandad u otros casos de beneficios percibidos por familiares de trabajadores fallecidos. Estos ingresos tambi\u00e9n provienen de una vinculaci\u00f3n laboral anterior del trabajador o de sus familiares. No se incluyen por tanto las pensiones alimenticias dadas de una persona a otra. Si en la semana de referencia una persona que recibe pensi\u00f3n de la Seguridad Social, trabaj\u00f3 m\u00e1s de 8 horas, se considera que trabaj\u00f3.\u003C\/p\u003E\u003Cp\u003E\u003Cstrong\u003ERentista o recibe ayuda econ\u00f3mica\u003C\/strong\u003E. Es la persona que no realiz\u00f3 trabajo remunerado alguno o que lo realiz\u00f3 en un tiempo menor de 8 horas en la semana de referencia, y que perciben ingresos por ayuda econ\u00f3mica dada por Instituciones u Organismos del Estado, as\u00ed como los que reciben rentas o pensiones como antiguos propietarios de viviendas o de tierras en virtud de las disposiciones de la Ley de Reforma Urbana u otros motivos. En el caso de los campesinos que no trabajen la tierra para el Estado, se considerar\u00e1n rentistas aunque trabajen una parcela de autoconsumo.\u003C\/p\u003E\u003Cp\u003E\u003Cstrong\u003EQuehaceres del hogar\u003C\/strong\u003E. Son las amas de casa, as\u00ed como los dem\u00e1s miembros del hogar que se dedican, fundamentalmente, a las labores del hogar (preparaci\u00f3n de las comidas, limpieza, atenci\u00f3n a los ni\u00f1os y ancianos) y no realizan trabajo remunerado alguno, ya sea estatal, cooperativo, privado, por su cuenta u otros, al que dedique por lo menos 8 horas en la semana de referencia.\u003C\/p\u003E\u003Cp\u003E\u003Cstrong\u003EEstudiante\u003C\/strong\u003E. Es la persona que sin ejercer actividad econ\u00f3mica remunerada alguna (o que la realiz\u00f3 circunstancialmente durante el per\u00edodo de referencia) asiste sistem\u00e1ticamente a un establecimiento docente a fin de recibir instrucci\u00f3n en cualquiera de los niveles educacionales comprendidos en el Sistema Nacional de Educaci\u00f3n.\u003C\/p\u003E\u003Cp\u003E\u003Cstrong\u003EIncapacitado para el trabajo\u003C\/strong\u003E. Es a la persona cuyo estado f\u00edsico o mental le impide permanentemente el desarrollo de cualquier actividad laboral como consecuencia de una enfermedad o lesi\u00f3n cong\u00e9nita o hereditaria.\u003C\/p\u003E\u003Cp\u003E\u003Cstrong\u003ENo realiza ninguna actividad\u003C\/strong\u003E. Incluye las personas que no trabajan ni estudian y declaran no realizar ninguna actividad, estando aun en edad laboral.\u003C\/p\u003E\u003Cp\u003E\u003Cstrong\u003EEn hospital u hogar de anciano\u003C\/strong\u003E. Comprende las personas que residen permanentemente en hospitales, hogares de ancianos u otras instituciones o establecimientos similares.\u003C\/p\u003E\u003Cp\u003E\u003Cstrong\u003EOtra situaci\u00f3n\u003C\/strong\u003E. Comprende a la persona que no declare o no indique una ocupaci\u00f3n como medio de vida, ni una situaci\u00f3n que permita incluirla en las categor\u00edas anteriores.\u003C\/p\u003E\u003Cp\u003E\u003Cstrong\u003EFuente\u003C\/strong\u003E:\u003C\/p\u003E\u003Cp\u003EOficina Nacional de Estad\u00edstica e Informaci\u00f3n, ONEI (2014): Censo de Poblaci\u00f3n y Viviendas Cuba 2012. Informe Nacional\u0026nbsp;\u003C\/p\u003E\u003Cp\u003E\u003Cstrong\u003EMetodolog\u00eda\u003C\/strong\u003E:\u003C\/p\u003E\u003Cp\u003EElaboraci\u00f3n propia a partir de las tablas publicadas.\u003C\/p\u003E\u003C\/div\u003E\n\n\u003C!-- END CUSTOM TEMPLATE OUTPUT from \u0027themes\/custom\/sub_noahs_theme\/templates\/form\/container.html.twig\u0027 --\u003E\n\n\u003C\/div\u003E\n\n\u003C!-- END CUSTOM TEMPLATE OUTPUT from \u0027themes\/custom\/sub_noahs_theme\/templates\/form\/container.html.twig\u0027 --\u003E\n\n","settings":null,"effect":"fade","speed":"slow"}]