[{"command":"insert","method":"replaceWith","selector":"#indicator-content-ajax","data":"\n\n\u003C!-- THEME DEBUG --\u003E\n\u003C!-- THEME HOOK: \u0027container\u0027 --\u003E\n\u003C!-- \ud83d\udca1 BEGIN CUSTOM TEMPLATE OUTPUT from \u0027themes\/custom\/sub_noahs_theme\/templates\/form\/container.html.twig\u0027 --\u003E\n\u003Cdiv id=\u0022indicator-content-ajax\u0022 class=\u0022daba-bank-full-main  mb-lg-0\u0022\u003E\n\n\u003C!-- THEME DEBUG --\u003E\n\u003C!-- THEME HOOK: \u0027container\u0027 --\u003E\n\u003C!-- \ud83d\udca1 BEGIN CUSTOM TEMPLATE OUTPUT from \u0027themes\/custom\/sub_noahs_theme\/templates\/form\/container.html.twig\u0027 --\u003E\n\u003Cdiv class=\u0022data-bank-indicator-title text-uppercase fs-5 fw-bold pb-2 mb-lg-0\u0022\u003E\u003Cp\u003EPrincipales resultados\u003C\/p\u003E\n\u003C\/div\u003E\n\n\u003C!-- END CUSTOM TEMPLATE OUTPUT from \u0027themes\/custom\/sub_noahs_theme\/templates\/form\/container.html.twig\u0027 --\u003E\n\n\n\n\u003C!-- THEME DEBUG --\u003E\n\u003C!-- THEME HOOK: \u0027container\u0027 --\u003E\n\u003C!-- \ud83d\udca1 BEGIN CUSTOM TEMPLATE OUTPUT from \u0027themes\/custom\/sub_noahs_theme\/templates\/form\/container.html.twig\u0027 --\u003E\n\u003Cdiv class=\u0022o-field-value mb-lg-0\u0022\u003E\u003Cp\u003ELa mayor parte de las personas con discapacidad no econ\u00f3micamente activas son jubilados o pensionados por edad (43,0%) o personas que se dedican a los quehaceres del hogar (28,9%). Hay tambi\u00e9n un porcentaje apreciable de personas incapacitadas para el trabajo (13,9%), mientras que el resto de las situaciones (otros pensionados, estudiantes, personas que no realizan ninguna actividad, personas en hospitales, asilos u otros establecimientos, rentistas o perceptores de ayudas econ\u00f3micas y personas en otras situaciones) tienen una representaci\u00f3n mucho menor. En comparaci\u00f3n, en la poblaci\u00f3n general es mucho mayor la proporci\u00f3n de personas dedicadas a los quehaceres del hogar (43,9% frente al 28,9% entre las personas con discapacidad) y la de estudiantes (13,9% frente a solo el 2,8% entre las personas con discapacidad) y bastante menor la de personas\u0026nbsp;\u003Cspan\u003E \u003C\/span\u003Ejubiladas o pensionadas por edad (28,3% frente al 43,0%), la de personas pensionada por otras causas (1,9% frente al 4,2%) y la de personas en hospitales, asilos u otros establecimientos (0,8% frente al 2,1%).\u0026nbsp;\u003C\/p\u003E\u003Cp\u003ELa composici\u00f3n de la poblaci\u00f3n no econ\u00f3micamente activa con discapacidad presenta diferencias importantes por sexo. Entre los varones es bastante mayor la proporci\u00f3n de personas jubiladas o pensionadas por edad (56,6% frente al 32,9% entre las mujeres), la de personas incapacitadas para el trabajo (19,2% frente al 10,0% entre las mujeres), la de estudiantes (3,6% frente al 2,3%) y la de personas en hospitales, asilos u otros establecimientos (2,7% frente al 1,5%), y mucho menor la proporci\u00f3n de personas que se dedican a los quehaceres del hogar (s\u00f3lo un 6,4% frente al 45,8% entre las mujeres).\u003C\/p\u003E\u003C\/div\u003E\n\n\u003C!-- END CUSTOM TEMPLATE OUTPUT from \u0027themes\/custom\/sub_noahs_theme\/templates\/form\/container.html.twig\u0027 --\u003E\n\n\u003C\/div\u003E\n\n\u003C!-- END CUSTOM TEMPLATE OUTPUT from \u0027themes\/custom\/sub_noahs_theme\/templates\/form\/container.html.twig\u0027 --\u003E\n\n","settings":null,"effect":"fade","speed":"slow"}]