[{"command":"insert","method":"replaceWith","selector":"#indicator-content-ajax","data":"\n\n\u003C!-- THEME DEBUG --\u003E\n\u003C!-- THEME HOOK: \u0027container\u0027 --\u003E\n\u003C!-- \ud83d\udca1 BEGIN CUSTOM TEMPLATE OUTPUT from \u0027themes\/custom\/sub_noahs_theme\/templates\/form\/container.html.twig\u0027 --\u003E\n\u003Cdiv id=\u0022indicator-content-ajax\u0022 class=\u0022daba-bank-full-main  mb-lg-0\u0022\u003E\n\n\u003C!-- THEME DEBUG --\u003E\n\u003C!-- THEME HOOK: \u0027container\u0027 --\u003E\n\u003C!-- \ud83d\udca1 BEGIN CUSTOM TEMPLATE OUTPUT from \u0027themes\/custom\/sub_noahs_theme\/templates\/form\/container.html.twig\u0027 --\u003E\n\u003Cdiv class=\u0022data-bank-indicator-title text-uppercase fs-5 fw-bold pb-2 mb-lg-0\u0022\u003E\u003Cp\u003EPrincipales resultados\u003C\/p\u003E\n\u003C\/div\u003E\n\n\u003C!-- END CUSTOM TEMPLATE OUTPUT from \u0027themes\/custom\/sub_noahs_theme\/templates\/form\/container.html.twig\u0027 --\u003E\n\n\n\n\u003C!-- THEME DEBUG --\u003E\n\u003C!-- THEME HOOK: \u0027container\u0027 --\u003E\n\u003C!-- \ud83d\udca1 BEGIN CUSTOM TEMPLATE OUTPUT from \u0027themes\/custom\/sub_noahs_theme\/templates\/form\/container.html.twig\u0027 --\u003E\n\u003Cdiv class=\u0022o-field-value mb-lg-0\u0022\u003E\u003Cp\u003ELa tasa de actividad de la poblaci\u00f3n con discapacidad en El Salvador, seg\u00fan el Censo de Poblaci\u00f3n, Hogares y Viviendas 2024, es del 26,1%.\u003Cspan\u003E\u0026nbsp; \u003C\/span\u003EEs mayor en los hombres (36,9%) que en las mujeres (18,2%), y alcanza su m\u00e1ximo entre los 35 y los 54 a\u00f1os (48,1%). Es mayor entre la poblaci\u00f3n ind\u00edgena (34,8%) y afrodescendiente (34,1%) que en el resto de la poblaci\u00f3n (25,9%), m\u00e1s alta en las zonas urbanas (27,2%) que en las rurales (23,3%), y tambi\u00e9n m\u00e1s alta entre las personas que saben leer y escribir (31,8%) que entre las no alfabetizadas (14,5%). Por niveles educativos, destacan las tasas de actividad de las personas con estudios de postgrado o maestr\u00eda (51,5%) y estudios superiores universitarios (47,9%).\u003C\/p\u003E\u003Cp\u003ELas personas con discapacidad visual tienen una tasa de actividad sustancialmente m\u00e1s alta (28,1%) que las que tienen limitaci\u00f3n auditiva (22,4%), motriz (20,9%) o para utilizar los miembros superiores (18,0%). La tasa de actividad es bastante menor entre quienes tienen discapacidad para recordar o concentrarse (11,0%) o para comunicarse (10,7%), mientras que las personas con limitaciones para valerse por s\u00ed mismas presentan una tasa de actividad muy baja (3,6%).\u0026nbsp;\u003C\/p\u003E\u003Cp\u003EEn comparaci\u00f3n, la tasa de actividad de la poblaci\u00f3n total se sit\u00faa en el 53,6% (69,2% los hombres y 40,6% las mujeres) con un m\u00e1ximo del 75,8% entre 35 y 44 a\u00f1os.\u003C\/p\u003E\u003Cp\u003ELos departamentos en los que se registran las mayores tasas de actividad de la poblaci\u00f3n con discapacidad son los de San Salvador (28,8%) y Santa Ana (28,6%), mientras que las tasas de actividad m\u00e1s bajas se dan en los departamentos de La Uni\u00f3n (20,2%) y Caba\u00f1as (21,0%).\u0026nbsp;\u003C\/p\u003E\u003C\/div\u003E\n\n\u003C!-- END CUSTOM TEMPLATE OUTPUT from \u0027themes\/custom\/sub_noahs_theme\/templates\/form\/container.html.twig\u0027 --\u003E\n\n\u003C\/div\u003E\n\n\u003C!-- END CUSTOM TEMPLATE OUTPUT from \u0027themes\/custom\/sub_noahs_theme\/templates\/form\/container.html.twig\u0027 --\u003E\n\n","settings":null,"effect":"fade","speed":"slow"}]