[{"command":"insert","method":"replaceWith","selector":"#indicator-content-ajax","data":"\n\n\u003C!-- THEME DEBUG --\u003E\n\u003C!-- THEME HOOK: \u0027container\u0027 --\u003E\n\u003C!-- \ud83d\udca1 BEGIN CUSTOM TEMPLATE OUTPUT from \u0027themes\/custom\/sub_noahs_theme\/templates\/form\/container.html.twig\u0027 --\u003E\n\u003Cdiv id=\u0022indicator-content-ajax\u0022 class=\u0022daba-bank-full-main  mb-lg-0\u0022\u003E\n\n\u003C!-- THEME DEBUG --\u003E\n\u003C!-- THEME HOOK: \u0027container\u0027 --\u003E\n\u003C!-- \ud83d\udca1 BEGIN CUSTOM TEMPLATE OUTPUT from \u0027themes\/custom\/sub_noahs_theme\/templates\/form\/container.html.twig\u0027 --\u003E\n\u003Cdiv class=\u0022data-bank-indicator-title text-uppercase fs-5 fw-bold pb-2 mb-lg-0\u0022\u003E\u003Cp\u003EPrincipales resultados\u003C\/p\u003E\n\u003C\/div\u003E\n\n\u003C!-- END CUSTOM TEMPLATE OUTPUT from \u0027themes\/custom\/sub_noahs_theme\/templates\/form\/container.html.twig\u0027 --\u003E\n\n\n\n\u003C!-- THEME DEBUG --\u003E\n\u003C!-- THEME HOOK: \u0027container\u0027 --\u003E\n\u003C!-- \ud83d\udca1 BEGIN CUSTOM TEMPLATE OUTPUT from \u0027themes\/custom\/sub_noahs_theme\/templates\/form\/container.html.twig\u0027 --\u003E\n\u003Cdiv class=\u0022o-field-value mb-lg-0\u0022\u003E\u003Cp\u003ELa tasa de empleo de la poblaci\u00f3n con discapacidad en El Salvador, seg\u00fan el Censo de Poblaci\u00f3n, Hogares y Viviendas 2024, es del 24,9%.\u003Cspan\u003E\u0026nbsp; \u003C\/span\u003EEs mayor en los hombres (35,1%) que en las mujeres (17,5%), y alcanza su m\u00e1ximo entre los 35 y los 44 a\u00f1os (46,3%). Es mayor entre la poblaci\u00f3n ind\u00edgena (32,7%) y afrodescendiente (32,0%) que en el resto de la poblaci\u00f3n (24,7%), m\u00e1s alta en las zonas urbanas (25,8%) que en las rurales (22,7%), y tambi\u00e9n m\u00e1s alta entre las personas que saben leer y escribir (30,3%) que entre las no alfabetizadas (14,0%). Por niveles educativos, destacan las tasas de empleo de las personas con estudios de postgrado o maestr\u00eda (50,2%) y estudios superiores universitarios (45,8%).\u003C\/p\u003E\u003Cp\u003ELas personas con discapacidad visual tienen una tasa de empleo sustancialmente m\u00e1s alta (26,8%) que las que tienen limitaci\u00f3n auditiva (21,4%), motriz (20,0%) o para utilizar los miembros superiores (17,2%). La tasa de empleo es bastante menor entre quienes tienen discapacidad para recordar o concentrarse (10,4%) o para comunicarse (10,2%), mientras que las personas con limitaciones para valerse por s\u00ed mismas presentan una tasa de actividad muy baja (3,4%).\u0026nbsp;\u003C\/p\u003E\u003Cp\u003EEn comparaci\u00f3n, la tasa de empleo de la poblaci\u00f3n total se sit\u00faa en el 51,2% (66,3% los hombres y 38,5% las mujeres) con un m\u00e1ximo del 73,4% entre 35 y 44 a\u00f1os.\u003C\/p\u003E\u003Cp\u003ELos departamentos en los que se registran las mayores tasas de empleo de la poblaci\u00f3n con discapacidad son los de Santa Ana (27,3%) y San Salvador (27,2%), mientras que las tasas de empleo m\u00e1s bajas se dan en los departamentos de La Uni\u00f3n (19,6%) y Caba\u00f1as (20,5%).\u0026nbsp;\u003C\/p\u003E\u003C\/div\u003E\n\n\u003C!-- END CUSTOM TEMPLATE OUTPUT from \u0027themes\/custom\/sub_noahs_theme\/templates\/form\/container.html.twig\u0027 --\u003E\n\n\u003C\/div\u003E\n\n\u003C!-- END CUSTOM TEMPLATE OUTPUT from \u0027themes\/custom\/sub_noahs_theme\/templates\/form\/container.html.twig\u0027 --\u003E\n\n","settings":null,"effect":"fade","speed":"slow"}]