[{"command":"insert","method":"replaceWith","selector":"#indicator-content-ajax","data":"\n\n\u003C!-- THEME DEBUG --\u003E\n\u003C!-- THEME HOOK: \u0027container\u0027 --\u003E\n\u003C!-- \ud83d\udca1 BEGIN CUSTOM TEMPLATE OUTPUT from \u0027themes\/custom\/sub_noahs_theme\/templates\/form\/container.html.twig\u0027 --\u003E\n\u003Cdiv id=\u0022indicator-content-ajax\u0022 class=\u0022daba-bank-full-main  mb-lg-0\u0022\u003E\n\n\u003C!-- THEME DEBUG --\u003E\n\u003C!-- THEME HOOK: \u0027container\u0027 --\u003E\n\u003C!-- \ud83d\udca1 BEGIN CUSTOM TEMPLATE OUTPUT from \u0027themes\/custom\/sub_noahs_theme\/templates\/form\/container.html.twig\u0027 --\u003E\n\u003Cdiv class=\u0022data-bank-indicator-title text-uppercase fs-5 fw-bold pb-2 mb-lg-0\u0022\u003E\u003Cp\u003EPrincipales resultados\u003C\/p\u003E\n\u003C\/div\u003E\n\n\u003C!-- END CUSTOM TEMPLATE OUTPUT from \u0027themes\/custom\/sub_noahs_theme\/templates\/form\/container.html.twig\u0027 --\u003E\n\n\n\n\u003C!-- THEME DEBUG --\u003E\n\u003C!-- THEME HOOK: \u0027container\u0027 --\u003E\n\u003C!-- \ud83d\udca1 BEGIN CUSTOM TEMPLATE OUTPUT from \u0027themes\/custom\/sub_noahs_theme\/templates\/form\/container.html.twig\u0027 --\u003E\n\u003Cdiv class=\u0022o-field-value mb-lg-0\u0022\u003E\u003Cp\u003ELa tasa de desempleo de la poblaci\u00f3n con discapacidad en El Salvador, seg\u00fan el Censo de Poblaci\u00f3n, Hogares y Viviendas 2024, es del 4,5%, similar a la del total de la poblaci\u00f3n en edad de trabajar.\u003Cspan\u003E\u0026nbsp; \u003C\/span\u003EEs mayor en los hombres (4,9%) que en las mujeres (4,0%), y alcanza su m\u00e1ximo entre los 18 y los 24 a\u00f1os (11,7%). Es mayor entre la poblaci\u00f3n afrodescendiente (6,3%) e ind\u00edgena (6,1%) que en el resto de la poblaci\u00f3n (4,5%), m\u00e1s alta en las zonas urbanas (5,1%) que en las rurales (2,9%), y tambi\u00e9n m\u00e1s alta entre las personas que saben leer y escribir (4,8%) que entre las no alfabetizadas (3,5%).\u0026nbsp;\u003C\/p\u003E\u003Cp\u003ELas personas con discapacidad para valerse por s\u00ed mismas tienen una tasa de desempleo m\u00e1s alta (6,2%) que el resto de las personas con discapacidad, en las que las tasas de desempleo oscilan entre el 4,4% y el 5,4%.\u003C\/p\u003E\u003Cp\u003ELos departamentos en los que se registran las mayores tasas de desempleo de la poblaci\u00f3n con discapacidad son los de Ahuachap\u00e1n (5,9%) y Sosonate (5,7%), mientras que las tasas de desempleo m\u00e1s bajas se dan en los departamentos de Caba\u00f1as (2,5%) y La Uni\u00f3n (2,8%).\u0026nbsp;\u003C\/p\u003E\u003C\/div\u003E\n\n\u003C!-- END CUSTOM TEMPLATE OUTPUT from \u0027themes\/custom\/sub_noahs_theme\/templates\/form\/container.html.twig\u0027 --\u003E\n\n\u003C\/div\u003E\n\n\u003C!-- END CUSTOM TEMPLATE OUTPUT from \u0027themes\/custom\/sub_noahs_theme\/templates\/form\/container.html.twig\u0027 --\u003E\n\n","settings":null,"effect":"fade","speed":"slow"}]