[{"command":"insert","method":"replaceWith","selector":"#indicator-content-ajax","data":"\n\n\u003C!-- THEME DEBUG --\u003E\n\u003C!-- THEME HOOK: \u0027container\u0027 --\u003E\n\u003C!-- \ud83d\udca1 BEGIN CUSTOM TEMPLATE OUTPUT from \u0027themes\/custom\/sub_noahs_theme\/templates\/form\/container.html.twig\u0027 --\u003E\n\u003Cdiv id=\u0022indicator-content-ajax\u0022 class=\u0022daba-bank-full-main  mb-lg-0\u0022\u003E\n\n\u003C!-- THEME DEBUG --\u003E\n\u003C!-- THEME HOOK: \u0027container\u0027 --\u003E\n\u003C!-- \ud83d\udca1 BEGIN CUSTOM TEMPLATE OUTPUT from \u0027themes\/custom\/sub_noahs_theme\/templates\/form\/container.html.twig\u0027 --\u003E\n\u003Cdiv class=\u0022data-bank-indicator-title text-uppercase fs-5 fw-bold pb-2 mb-lg-0\u0022\u003E\u003Cp\u003EDefinici\u00f3n y fuentes\u003C\/p\u003E\n\u003C\/div\u003E\n\n\u003C!-- END CUSTOM TEMPLATE OUTPUT from \u0027themes\/custom\/sub_noahs_theme\/templates\/form\/container.html.twig\u0027 --\u003E\n\n\n\n\u003C!-- THEME DEBUG --\u003E\n\u003C!-- THEME HOOK: \u0027container\u0027 --\u003E\n\u003C!-- \ud83d\udca1 BEGIN CUSTOM TEMPLATE OUTPUT from \u0027themes\/custom\/sub_noahs_theme\/templates\/form\/container.html.twig\u0027 --\u003E\n\u003Cdiv class=\u0022o-field-value mb-lg-0\u0022\u003E\u003Cp\u003ESe recoge en esta secci\u00f3n la distribuci\u00f3n de la poblaci\u00f3n ocupada por categor\u00eda ocupacional. Esta variable contempla las siguientes situaciones:\u003C\/p\u003E\u003Cp\u003E1. Empleado del sector p\u00fablico\u003C\/p\u003E\u003Cp\u003E2. Empleado del sector privado\u003C\/p\u003E\u003Cp\u003E3. Empleador (patrono o due\u00f1o de negocio)\u003C\/p\u003E\u003Cp\u003E4. Trabajador por cuenta propia (sin empleados)\u003C\/p\u003E\u003Cp\u003E5. Empleado dom\u00e9stico\u003C\/p\u003E\u003Cp\u003E6. Empleado en organizaciones sin fines de lucro (ONG o similares)\u003C\/p\u003E\u003Cp\u003E7. Empleado en embajadas, consulados u organizaciones internacionales\u003C\/p\u003E\u003Cp\u003E8. Trabajador familiar sin sueldo\u003C\/p\u003E\u003Cp\u003E9. Trabajador no familiar sin sueldo\u003C\/p\u003E\u003Cp\u003E10. Otras ocupaciones\u003C\/p\u003E\u003Cp\u003E11. No sabe\u003C\/p\u003E\u003Cp\u003E\u003Cstrong\u003EFuente\u003C\/strong\u003E:\u003C\/p\u003E\u003Cp\u003EBanco Central de Reserva de El Salvador (2025): VII Censo de Poblaci\u00f3n y VI de Vivienda El Salvador 2024.\u0026nbsp;\u003C\/p\u003E\u003Cp\u003E\u003Cstrong\u003EMetodolog\u00eda\u003C\/strong\u003E:\u003C\/p\u003E\u003Cp\u003EElaboraci\u00f3n propia a partir de los microdatos publicados para uso estad\u00edstico.\u003C\/p\u003E\u003C\/div\u003E\n\n\u003C!-- END CUSTOM TEMPLATE OUTPUT from \u0027themes\/custom\/sub_noahs_theme\/templates\/form\/container.html.twig\u0027 --\u003E\n\n\u003C\/div\u003E\n\n\u003C!-- END CUSTOM TEMPLATE OUTPUT from \u0027themes\/custom\/sub_noahs_theme\/templates\/form\/container.html.twig\u0027 --\u003E\n\n","settings":null,"effect":"fade","speed":"slow"}]