[{"command":"insert","method":"replaceWith","selector":"#indicator-content-ajax","data":"\n\n\u003C!-- THEME DEBUG --\u003E\n\u003C!-- THEME HOOK: \u0027container\u0027 --\u003E\n\u003C!-- \ud83d\udca1 BEGIN CUSTOM TEMPLATE OUTPUT from \u0027themes\/custom\/sub_noahs_theme\/templates\/form\/container.html.twig\u0027 --\u003E\n\u003Cdiv id=\u0022indicator-content-ajax\u0022 class=\u0022daba-bank-full-main  mb-lg-0\u0022\u003E\n\n\u003C!-- THEME DEBUG --\u003E\n\u003C!-- THEME HOOK: \u0027container\u0027 --\u003E\n\u003C!-- \ud83d\udca1 BEGIN CUSTOM TEMPLATE OUTPUT from \u0027themes\/custom\/sub_noahs_theme\/templates\/form\/container.html.twig\u0027 --\u003E\n\u003Cdiv class=\u0022data-bank-indicator-title text-uppercase fs-5 fw-bold pb-2 mb-lg-0\u0022\u003E\u003Cp\u003EDefinici\u00f3n y fuentes\u003C\/p\u003E\n\u003C\/div\u003E\n\n\u003C!-- END CUSTOM TEMPLATE OUTPUT from \u0027themes\/custom\/sub_noahs_theme\/templates\/form\/container.html.twig\u0027 --\u003E\n\n\n\n\u003C!-- THEME DEBUG --\u003E\n\u003C!-- THEME HOOK: \u0027container\u0027 --\u003E\n\u003C!-- \ud83d\udca1 BEGIN CUSTOM TEMPLATE OUTPUT from \u0027themes\/custom\/sub_noahs_theme\/templates\/form\/container.html.twig\u0027 --\u003E\n\u003Cdiv class=\u0022o-field-value mb-lg-0\u0022\u003E\u003Cp\u003EEl Censo de Poblaci\u00f3n y Viviendas 2020 ha incorporado la medici\u00f3n de la discapacidad a trav\u00e9s de seis preguntas que exploran las dificultades para ver, o\u00edr, caminar o subir y bajar gradas, recordar o concentrarse, valerse por s\u00ed mismo (ba\u00f1arse, vestirse o comer) y hablar y comunicarse. Cada una de estas preguntas permit\u00eda las siguientes respuestas:\u003C\/p\u003E\u003Cul\u003E\u003Cli\u003ENo tiene dificultad\u003C\/li\u003E\u003Cli\u003ELo hace con poca dificultad\u003C\/li\u003E\u003Cli\u003ELo hace con mucha dificultad\u003C\/li\u003E\u003Cli\u003ENo puede hacerlo\u003C\/li\u003E\u003C\/ul\u003E\u003Cp\u003EHay una pregunta adicional sobre si se tiene alg\u00fan problema o condici\u00f3n metal, con respuesta dicot\u00f3mica (S\u00ed\/No).\u0026nbsp;\u003C\/p\u003E\u003Cp\u003ELa explotaci\u00f3n de los datos del censo que aqu\u00ed se presenta considera persona con discapacidad (incluyendo problema o condici\u00f3n mental) a quien ha contestado que tiene mucha dificultad o que no puede realizar alguna de las seis actividades, o ha contestado S\u00ed a la pregunta sobre problema o condici\u00f3n mental. Los datos se han obtenido a partir del Cuestionario Ampliado, aplicado a una muestra censal de unos cuatro millones de viviendas particulares habitadas y sus ocupantes.\u003C\/p\u003E\u003Cp\u003E\u003Cstrong\u003EFuente\u003C\/strong\u003E:\u003C\/p\u003E\u003Cp\u003EINEGI. Censo de Poblaci\u00f3n y Viviendas 2020. Resultados de la muestra censal.\u003C\/p\u003E\u003Cp\u003E\u003Cstrong\u003EMetodolog\u00eda\u003C\/strong\u003E:\u003C\/p\u003E\u003Cp\u003EElaboraci\u00f3n propia a partir de los microdatos de la Muestra (Cuestionario ampliado), publicados para uso estad\u00edstico.\u003C\/p\u003E\u003C\/div\u003E\n\n\u003C!-- END CUSTOM TEMPLATE OUTPUT from \u0027themes\/custom\/sub_noahs_theme\/templates\/form\/container.html.twig\u0027 --\u003E\n\n\u003C\/div\u003E\n\n\u003C!-- END CUSTOM TEMPLATE OUTPUT from \u0027themes\/custom\/sub_noahs_theme\/templates\/form\/container.html.twig\u0027 --\u003E\n\n","settings":null,"effect":"fade","speed":"slow"}]