[{"command":"insert","method":"replaceWith","selector":"#indicator-content-ajax","data":"\n\n\u003C!-- THEME DEBUG --\u003E\n\u003C!-- THEME HOOK: \u0027container\u0027 --\u003E\n\u003C!-- \ud83d\udca1 BEGIN CUSTOM TEMPLATE OUTPUT from \u0027themes\/custom\/sub_noahs_theme\/templates\/form\/container.html.twig\u0027 --\u003E\n\u003Cdiv id=\u0022indicator-content-ajax\u0022 class=\u0022daba-bank-full-main  mb-lg-0\u0022\u003E\n\n\u003C!-- THEME DEBUG --\u003E\n\u003C!-- THEME HOOK: \u0027container\u0027 --\u003E\n\u003C!-- \ud83d\udca1 BEGIN CUSTOM TEMPLATE OUTPUT from \u0027themes\/custom\/sub_noahs_theme\/templates\/form\/container.html.twig\u0027 --\u003E\n\u003Cdiv class=\u0022data-bank-indicator-title text-uppercase fs-5 fw-bold pb-2 mb-lg-0\u0022\u003E\u003Cp\u003EPrincipales resultados\u003C\/p\u003E\n\u003C\/div\u003E\n\n\u003C!-- END CUSTOM TEMPLATE OUTPUT from \u0027themes\/custom\/sub_noahs_theme\/templates\/form\/container.html.twig\u0027 --\u003E\n\n\n\n\u003C!-- THEME DEBUG --\u003E\n\u003C!-- THEME HOOK: \u0027container\u0027 --\u003E\n\u003C!-- \ud83d\udca1 BEGIN CUSTOM TEMPLATE OUTPUT from \u0027themes\/custom\/sub_noahs_theme\/templates\/form\/container.html.twig\u0027 --\u003E\n\u003Cdiv class=\u0022o-field-value mb-lg-0\u0022\u003E\u003Cp\u003ELa tasa de actividad de la poblaci\u00f3n con discapacidad en M\u00e9xico, seg\u00fan el Censo de Poblaci\u00f3n y Viviendas 2020, es del 29,0%, 25 puntos porcentuales por debajo de la de la poblaci\u00f3n general (54,0%.\u003Cspan\u003E\u0026nbsp; \u003C\/span\u003EEs considerablemente mayor en los hombres (38,6%) que en las mujeres (20,8%), y alcanza su m\u00e1ximo entre los 35 y los 44 a\u00f1os (52,2%). Es mayor entre la poblaci\u00f3n alfabetizada (33,2%) que entre la no alfabetizada (12,2%), y alcanza su nivel m\u00e1s alto entre quienes tienen estudios de especialidad, maestr\u00eda y doctorado (60,5%).\u003C\/p\u003E\u003Cp\u003ELas personas con discapacidad visual tienen una tasa de actividad sustancialmente m\u00e1s alta (33,8%) que las que tienen discapacidad auditiva (26,0%), problema o condici\u00f3n mental (19,3%) o discapacidad motriz (19,2%). La tasa de actividad es bastante menor entre quienes tienen discapacidad para recordar o concentrarse (14,7%) o para comunicarse (10,6%), mientras que las personas con discapacidad para el cuidado personal presentan una tasa de actividad muy baja (5,5%).\u0026nbsp;\u003C\/p\u003E\u003Cp\u003ELas entidades federativas en las que se registran las mayores tasas de actividad de la poblaci\u00f3n con discapacidad son Quintana Roo (37,7%) y Aguascalientes (35,2%), mientras que las tasas de actividad m\u00e1s bajas se dan en los estados de Sinaloa (24,2%), Coahuila de Zaragoza (25,0%), San Luis Potos\u00ed (25,1%) y Zacatecas (25,2%).\u0026nbsp;\u003C\/p\u003E\u003C\/div\u003E\n\n\u003C!-- END CUSTOM TEMPLATE OUTPUT from \u0027themes\/custom\/sub_noahs_theme\/templates\/form\/container.html.twig\u0027 --\u003E\n\n\u003C\/div\u003E\n\n\u003C!-- END CUSTOM TEMPLATE OUTPUT from \u0027themes\/custom\/sub_noahs_theme\/templates\/form\/container.html.twig\u0027 --\u003E\n\n","settings":null,"effect":"fade","speed":"slow"}]