[{"command":"insert","method":"replaceWith","selector":"#indicator-content-ajax","data":"\n\n\u003C!-- THEME DEBUG --\u003E\n\u003C!-- THEME HOOK: \u0027container\u0027 --\u003E\n\u003C!-- \ud83d\udca1 BEGIN CUSTOM TEMPLATE OUTPUT from \u0027themes\/custom\/sub_noahs_theme\/templates\/form\/container.html.twig\u0027 --\u003E\n\u003Cdiv id=\u0022indicator-content-ajax\u0022 class=\u0022daba-bank-full-main  mb-lg-0\u0022\u003E\n\n\u003C!-- THEME DEBUG --\u003E\n\u003C!-- THEME HOOK: \u0027container\u0027 --\u003E\n\u003C!-- \ud83d\udca1 BEGIN CUSTOM TEMPLATE OUTPUT from \u0027themes\/custom\/sub_noahs_theme\/templates\/form\/container.html.twig\u0027 --\u003E\n\u003Cdiv class=\u0022data-bank-indicator-title text-uppercase fs-5 fw-bold pb-2 mb-lg-0\u0022\u003E\u003Cp\u003EDefinici\u00f3n y fuentes\u003C\/p\u003E\n\u003C\/div\u003E\n\n\u003C!-- END CUSTOM TEMPLATE OUTPUT from \u0027themes\/custom\/sub_noahs_theme\/templates\/form\/container.html.twig\u0027 --\u003E\n\n\n\n\u003C!-- THEME DEBUG --\u003E\n\u003C!-- THEME HOOK: \u0027container\u0027 --\u003E\n\u003C!-- \ud83d\udca1 BEGIN CUSTOM TEMPLATE OUTPUT from \u0027themes\/custom\/sub_noahs_theme\/templates\/form\/container.html.twig\u0027 --\u003E\n\u003Cdiv class=\u0022o-field-value mb-lg-0\u0022\u003E\u003Cp\u003ESe recoge en esta secci\u00f3n la distribuci\u00f3n de la poblaci\u00f3n ocupada por \u003Cstrong\u003Ecategor\u00eda ocupacional\u003C\/strong\u003E. Esta variable contempla las siguientes situaciones:\u003C\/p\u003E\u003Cul\u003E\u003Cli\u003EEmpleada(o) u obrera(o)\u003C\/li\u003E\u003Cli\u003EJornalera(o) o pe\u00f3n(a)\u003C\/li\u003E\u003Cli\u003EAyudante con pago\u003C\/li\u003E\u003Cli\u003EPatr\u00f3n(a) o empleador(a) \u003C\/li\u003E\u003Cli\u003ETrabajador(a) por cuenta propia \u003C\/li\u003E\u003Cli\u003ETrabajador(a) sin pago\u003C\/li\u003E\u003Cli\u003ENo especificado\u003C\/li\u003E\u003C\/ul\u003E\u003Cp\u003E\u003Cstrong\u003EFuente\u003C\/strong\u003E:\u003C\/p\u003E\u003Cp\u003EINEGI. Censo de Poblaci\u00f3n y Viviendas 2020. Resultados de la muestra censal.\u003C\/p\u003E\u003Cp\u003E\u003Cstrong\u003EMetodolog\u00eda\u003C\/strong\u003E:\u003C\/p\u003E\u003Cp\u003EElaboraci\u00f3n propia a partir de los microdatos de la Muestra (Cuestionario ampliado), publicados para uso estad\u00edstico.\u003C\/p\u003E\u003C\/div\u003E\n\n\u003C!-- END CUSTOM TEMPLATE OUTPUT from \u0027themes\/custom\/sub_noahs_theme\/templates\/form\/container.html.twig\u0027 --\u003E\n\n\u003C\/div\u003E\n\n\u003C!-- END CUSTOM TEMPLATE OUTPUT from \u0027themes\/custom\/sub_noahs_theme\/templates\/form\/container.html.twig\u0027 --\u003E\n\n","settings":null,"effect":"fade","speed":"slow"}]