[{"command":"insert","method":"replaceWith","selector":"#indicator-content-ajax","data":"\n\n\u003C!-- THEME DEBUG --\u003E\n\u003C!-- THEME HOOK: \u0027container\u0027 --\u003E\n\u003C!-- \ud83d\udca1 BEGIN CUSTOM TEMPLATE OUTPUT from \u0027themes\/custom\/sub_noahs_theme\/templates\/form\/container.html.twig\u0027 --\u003E\n\u003Cdiv id=\u0022indicator-content-ajax\u0022 class=\u0022daba-bank-full-main  mb-lg-0\u0022\u003E\n\n\u003C!-- THEME DEBUG --\u003E\n\u003C!-- THEME HOOK: \u0027container\u0027 --\u003E\n\u003C!-- \ud83d\udca1 BEGIN CUSTOM TEMPLATE OUTPUT from \u0027themes\/custom\/sub_noahs_theme\/templates\/form\/container.html.twig\u0027 --\u003E\n\u003Cdiv class=\u0022data-bank-indicator-title text-uppercase fs-5 fw-bold pb-2 mb-lg-0\u0022\u003E\u003Cp\u003EPrincipales resultados\u003C\/p\u003E\n\u003C\/div\u003E\n\n\u003C!-- END CUSTOM TEMPLATE OUTPUT from \u0027themes\/custom\/sub_noahs_theme\/templates\/form\/container.html.twig\u0027 --\u003E\n\n\n\n\u003C!-- THEME DEBUG --\u003E\n\u003C!-- THEME HOOK: \u0027container\u0027 --\u003E\n\u003C!-- \ud83d\udca1 BEGIN CUSTOM TEMPLATE OUTPUT from \u0027themes\/custom\/sub_noahs_theme\/templates\/form\/container.html.twig\u0027 --\u003E\n\u003Cdiv class=\u0022o-field-value mb-lg-0\u0022\u003E\u003Cp\u003EDe acuerdo con el XII Censo de Poblaci\u00f3n y VIII de Vivienda de Panam\u00e1 de 2023, en Panam\u00e1 se registra una poblaci\u00f3n 161.363 personas con discapacidad en edad de trabajar. El n\u00famero de personas con discapacidad que trabajan o est\u00e1n desocupadas asciende a 33.490 personas. La tasa de actividad de esta poblaci\u00f3n se sit\u00faa en el 20,8%, unos 30 puntos menos que la poblaci\u00f3n general que presenta una tasa de actividad del 51,0%.\u003C\/p\u003E\u003Cp\u003ELas mujeres con discapacidad presentan una tasa de actividad menor que la de los varones con discapacidad: 14,4% frente a 26,5%.\u003C\/p\u003E\u003Cp\u003EPor nivel de estudios, las personas con discapacidad que han accedido a estudios presentan tasas de actividad notablemente superiores en comparaci\u00f3n con quienes no poseen formaci\u00f3n acad\u00e9mica. En concreto, mientras que aquellas sin ning\u00fan grado educativo registran una tasa de actividad del 7,5%, quienes cuentan con estudios de maestr\u00eda o doctorado alcanzan cifras considerablemente m\u00e1s elevadas, del 62,4% y 48,1% respectivamente.\u003C\/p\u003E\u003Cp\u003ELa provincia en la que las personas con discapacidad tienen una mayor tasa de actividad es Dari\u00e9n (28,2%), mientras que la tasa de actividad de las personas con discapacidad m\u00e1s baja se registra en la provincia de Cocl\u00e9 (17,9%).\u003C\/p\u003E\u003C\/div\u003E\n\n\u003C!-- END CUSTOM TEMPLATE OUTPUT from \u0027themes\/custom\/sub_noahs_theme\/templates\/form\/container.html.twig\u0027 --\u003E\n\n\u003C\/div\u003E\n\n\u003C!-- END CUSTOM TEMPLATE OUTPUT from \u0027themes\/custom\/sub_noahs_theme\/templates\/form\/container.html.twig\u0027 --\u003E\n\n","settings":null,"effect":"fade","speed":"slow"}]