[{"command":"insert","method":"replaceWith","selector":"#indicator-content-ajax","data":"\n\n\u003C!-- THEME DEBUG --\u003E\n\u003C!-- THEME HOOK: \u0027container\u0027 --\u003E\n\u003C!-- \ud83d\udca1 BEGIN CUSTOM TEMPLATE OUTPUT from \u0027themes\/custom\/sub_noahs_theme\/templates\/form\/container.html.twig\u0027 --\u003E\n\u003Cdiv id=\u0022indicator-content-ajax\u0022 class=\u0022daba-bank-full-main  mb-lg-0\u0022\u003E\n\n\u003C!-- THEME DEBUG --\u003E\n\u003C!-- THEME HOOK: \u0027container\u0027 --\u003E\n\u003C!-- \ud83d\udca1 BEGIN CUSTOM TEMPLATE OUTPUT from \u0027themes\/custom\/sub_noahs_theme\/templates\/form\/container.html.twig\u0027 --\u003E\n\u003Cdiv class=\u0022data-bank-indicator-title text-uppercase fs-5 fw-bold pb-2 mb-lg-0\u0022\u003E\u003Cp\u003EDefinici\u00f3n y fuentes\u003C\/p\u003E\n\u003C\/div\u003E\n\n\u003C!-- END CUSTOM TEMPLATE OUTPUT from \u0027themes\/custom\/sub_noahs_theme\/templates\/form\/container.html.twig\u0027 --\u003E\n\n\n\n\u003C!-- THEME DEBUG --\u003E\n\u003C!-- THEME HOOK: \u0027container\u0027 --\u003E\n\u003C!-- \ud83d\udca1 BEGIN CUSTOM TEMPLATE OUTPUT from \u0027themes\/custom\/sub_noahs_theme\/templates\/form\/container.html.twig\u0027 --\u003E\n\u003Cdiv class=\u0022o-field-value mb-lg-0\u0022\u003E\u003Cp\u003ELa tasa de empleo representa la relaci\u00f3n entre la poblaci\u00f3n ocupada y el total de la poblaci\u00f3n de 10 y m\u00e1s a\u00f1os.\u0026nbsp;\u003C\/p\u003E\u003Cp\u003ESe entiende por poblaci\u00f3n ocupada al grupo de personas de 10 y m\u00e1s a\u00f1os de edad que durante la semana de referencia:\u0026nbsp;\u003C\/p\u003E\u003Cul\u003E\u003Cli\u003ETienen una ocupaci\u00f3n o trabajo remunerado en dinero o en especie. \u003C\/li\u003E\u003Cli\u003ETienen un negocio propio o trabajan por su cuenta. \u003C\/li\u003E\u003Cli\u003ETrabajan en forma regular en un negocio o empresa de un miembro de su familia aun cuando no perciben sueldo o salario (trabajador familiar). \u003C\/li\u003E\u003Cli\u003ELas personas ausentes de su trabajo temporalmente por causa de enfermedad o accidente, d\u00edas festivos o vacaciones, huelga, paro de empleadores, licencia de estudios o de formaci\u00f3n profesional, licencia de maternidad o paternidad, coyuntura econ\u00f3mica dif\u00edcil, desorganizaci\u00f3n o suspensi\u00f3n temporal del trabajo por razones, tales como: Mal tiempo, aver\u00edas mec\u00e1nicas o el\u00e9ctricas, escasez de materias primas o combustible, u otras ausencias temporales con o sin licencia.\u003Cspan\u003E\u0026nbsp;\u003C\/span\u003E\u003C\/li\u003E\u003Cli\u003E\u003Cspan\u003E \u003C\/span\u003EDeber\u00e1n considerarse como personas con empleo asalariado aquellos que mantengan un v\u00ednculo formal con su empleo. \u003C\/li\u003E\u003Cli\u003ENo trabajaron, pero hacen trabajos por per\u00edodos fijos.\u003C\/li\u003E\u003C\/ul\u003E\u003Cp\u003E\u003Cstrong\u003EFuente\u003C\/strong\u003E:\u003C\/p\u003E\u003Cp\u003EXII Censo de Poblaci\u00f3n y VIII de Vivienda de Panam\u00e1, 2023\u003C\/p\u003E\u003Cp\u003E\u003Cstrong\u003EMetodolog\u00eda\u003C\/strong\u003E:\u003C\/p\u003E\u003Cp\u003EElaboraci\u00f3n propia a partir de consultas realizadas mediante la aplicaci\u00f3n REDATAM.\u0026nbsp;\u003C\/p\u003E\u003C\/div\u003E\n\n\u003C!-- END CUSTOM TEMPLATE OUTPUT from \u0027themes\/custom\/sub_noahs_theme\/templates\/form\/container.html.twig\u0027 --\u003E\n\n\u003C\/div\u003E\n\n\u003C!-- END CUSTOM TEMPLATE OUTPUT from \u0027themes\/custom\/sub_noahs_theme\/templates\/form\/container.html.twig\u0027 --\u003E\n\n","settings":null,"effect":"fade","speed":"slow"}]