[{"command":"insert","method":"replaceWith","selector":"#indicator-content-ajax","data":"\n\n\u003C!-- THEME DEBUG --\u003E\n\u003C!-- THEME HOOK: \u0027container\u0027 --\u003E\n\u003C!-- \ud83d\udca1 BEGIN CUSTOM TEMPLATE OUTPUT from \u0027themes\/custom\/sub_noahs_theme\/templates\/form\/container.html.twig\u0027 --\u003E\n\u003Cdiv id=\u0022indicator-content-ajax\u0022 class=\u0022daba-bank-full-main  mb-lg-0\u0022\u003E\n\n\u003C!-- THEME DEBUG --\u003E\n\u003C!-- THEME HOOK: \u0027container\u0027 --\u003E\n\u003C!-- \ud83d\udca1 BEGIN CUSTOM TEMPLATE OUTPUT from \u0027themes\/custom\/sub_noahs_theme\/templates\/form\/container.html.twig\u0027 --\u003E\n\u003Cdiv class=\u0022data-bank-indicator-title text-uppercase fs-5 fw-bold pb-2 mb-lg-0\u0022\u003E\u003Cp\u003EPrincipales resultados\u003C\/p\u003E\n\u003C\/div\u003E\n\n\u003C!-- END CUSTOM TEMPLATE OUTPUT from \u0027themes\/custom\/sub_noahs_theme\/templates\/form\/container.html.twig\u0027 --\u003E\n\n\n\n\u003C!-- THEME DEBUG --\u003E\n\u003C!-- THEME HOOK: \u0027container\u0027 --\u003E\n\u003C!-- \ud83d\udca1 BEGIN CUSTOM TEMPLATE OUTPUT from \u0027themes\/custom\/sub_noahs_theme\/templates\/form\/container.html.twig\u0027 --\u003E\n\u003Cdiv class=\u0022o-field-value mb-lg-0\u0022\u003E\u003Cp\u003ELa tasa de desempleo de la poblaci\u00f3n con discapacidad en Panam\u00e1, seg\u00fan el Censo de Poblaci\u00f3n y Vivienda de Panam\u00e1 de 2023, es del 12,4%, sensiblemente por encima de la poblaci\u00f3n general (8,9%). Este porcentaje var\u00eda al considerar el sexo: la tasa de desempleo en las mujeres con discapacidad es del 10,3%, mientras que esta tasa en los hombres con discapacidad se sit\u00faa en el 13,5%.\u003C\/p\u003E\u003Cp\u003ELa tasa de desempleo de las personas con discapacidad var\u00eda con la edad, alcanzando su valor m\u00e1s alto entre los 15 y los 24 a\u00f1os (33,5%), y es considerablemente m\u00e1s alta en las zonas urbanas (14,0%) que en las rurales (9,2%).\u003C\/p\u003E\u003Cp\u003EPor provincias, la tasa de desempleo de las personas con discapacidad m\u00e1s elevada se registra en Col\u00f3n (16,2%). En las comarcas ind\u00edgenas las personas con discapacidad tienen tasas de desempleo bastante bajas.\u003C\/p\u003E\u003C\/div\u003E\n\n\u003C!-- END CUSTOM TEMPLATE OUTPUT from \u0027themes\/custom\/sub_noahs_theme\/templates\/form\/container.html.twig\u0027 --\u003E\n\n\u003C\/div\u003E\n\n\u003C!-- END CUSTOM TEMPLATE OUTPUT from \u0027themes\/custom\/sub_noahs_theme\/templates\/form\/container.html.twig\u0027 --\u003E\n\n","settings":null,"effect":"fade","speed":"slow"}]