[{"command":"insert","method":"replaceWith","selector":"#indicator-content-ajax","data":"\n\n\u003C!-- THEME DEBUG --\u003E\n\u003C!-- THEME HOOK: \u0027container\u0027 --\u003E\n\u003C!-- \ud83d\udca1 BEGIN CUSTOM TEMPLATE OUTPUT from \u0027themes\/custom\/sub_noahs_theme\/templates\/form\/container.html.twig\u0027 --\u003E\n\u003Cdiv id=\u0022indicator-content-ajax\u0022 class=\u0022daba-bank-full-main  mb-lg-0\u0022\u003E\n\n\u003C!-- THEME DEBUG --\u003E\n\u003C!-- THEME HOOK: \u0027container\u0027 --\u003E\n\u003C!-- \ud83d\udca1 BEGIN CUSTOM TEMPLATE OUTPUT from \u0027themes\/custom\/sub_noahs_theme\/templates\/form\/container.html.twig\u0027 --\u003E\n\u003Cdiv class=\u0022data-bank-indicator-title text-uppercase fs-5 fw-bold pb-2 mb-lg-0\u0022\u003E\u003Cp\u003EDefinici\u00f3n y fuentes\u003C\/p\u003E\n\u003C\/div\u003E\n\n\u003C!-- END CUSTOM TEMPLATE OUTPUT from \u0027themes\/custom\/sub_noahs_theme\/templates\/form\/container.html.twig\u0027 --\u003E\n\n\n\n\u003C!-- THEME DEBUG --\u003E\n\u003C!-- THEME HOOK: \u0027container\u0027 --\u003E\n\u003C!-- \ud83d\udca1 BEGIN CUSTOM TEMPLATE OUTPUT from \u0027themes\/custom\/sub_noahs_theme\/templates\/form\/container.html.twig\u0027 --\u003E\n\u003Cdiv class=\u0022o-field-value mb-lg-0\u0022\u003E\u003Cp\u003EEl XII Censo de Poblaci\u00f3n y VIII de Vivienda de Panam\u00e1 ofrece datos sobre la ocupaci\u00f3n de las personas que forman parte de la poblaci\u00f3n econ\u00f3micamente activa de acuerdo con las siguientes categor\u00edas:\u003C\/p\u003E\u003Cul\u003E\u003Cli\u003EDirectores y gerentes de los sectores p\u00fablico, privado y de organizaciones de inter\u00e9s social\u003C\/li\u003E\u003Cli\u003EProfesionales, cient\u00edficos e intelectuales\u003C\/li\u003E\u003Cli\u003ET\u00e9cnicos y profesionales de nivel medio\u003C\/li\u003E\u003Cli\u003EEmpleados de oficina\u003C\/li\u003E\u003Cli\u003ETrabajadores de los servicios y vendedores de comercios y mercados\u003C\/li\u003E\u003Cli\u003EAgricultores y trabajadores agropecuarios, forestales, de la pesca y caza\u003C\/li\u003E\u003Cli\u003EArtesanos y trabajadores de la miner\u00eda, la construcci\u00f3n, la industria manufacturera, la mec\u00e1nica y ocupaciones afines\u003C\/li\u003E\u003Cli\u003EOperadores de instalaciones fijas y m\u00e1quinas; ensambladores, conductores y operadores de maquinarias m\u00f3viles\u003C\/li\u003E\u003Cli\u003ETrabajadores no calificados de los servicios, la miner\u00eda, construcci\u00f3n, industria manufacturera, transporte y otras ocupaciones elementales\u003C\/li\u003E\u003Cli\u003EMiembros de las fuerzas armadas y trabajadores en ocupaciones no identificables o no declaradas\u003C\/li\u003E\u003C\/ul\u003E\u003Cp\u003E\u003Cstrong\u003EFuente\u003C\/strong\u003E:\u003C\/p\u003E\u003Cp\u003EXII Censo de Poblaci\u00f3n y VIII de Vivienda de Panam\u00e1, 2023\u003C\/p\u003E\u003Cp\u003E\u003Cstrong\u003EMetodolog\u00eda\u003C\/strong\u003E:\u003C\/p\u003E\u003Cp\u003EElaboraci\u00f3n propia a partir de consultas realizadas mediante la aplicaci\u00f3n REDATAM.\u0026nbsp;\u003C\/p\u003E\u003C\/div\u003E\n\n\u003C!-- END CUSTOM TEMPLATE OUTPUT from \u0027themes\/custom\/sub_noahs_theme\/templates\/form\/container.html.twig\u0027 --\u003E\n\n\u003C\/div\u003E\n\n\u003C!-- END CUSTOM TEMPLATE OUTPUT from \u0027themes\/custom\/sub_noahs_theme\/templates\/form\/container.html.twig\u0027 --\u003E\n\n","settings":null,"effect":"fade","speed":"slow"}]