[{"command":"add_css","data":[{"rel":"stylesheet","media":"all","href":"\/modules\/contrib\/paragraphs\/css\/paragraphs.unpublished.css?tdzxgi"},{"rel":"stylesheet","media":"all","href":"\/themes\/custom\/bootstrap_barrio\/css\/components\/node.css?tdzxgi"}]},{"command":"insert","method":"replaceWith","selector":"#indicator-content-ajax","data":"\n\n\u003C!-- THEME DEBUG --\u003E\n\u003C!-- THEME HOOK: \u0027container\u0027 --\u003E\n\u003C!-- \ud83d\udca1 BEGIN CUSTOM TEMPLATE OUTPUT from \u0027themes\/custom\/sub_noahs_theme\/templates\/form\/container.html.twig\u0027 --\u003E\n\u003Cdiv id=\u0022indicator-content-ajax\u0022 class=\u0022daba-bank-full-main  mb-lg-0\u0022\u003E\n\n\u003C!-- THEME DEBUG --\u003E\n\u003C!-- THEME HOOK: \u0027container\u0027 --\u003E\n\u003C!-- \ud83d\udca1 BEGIN CUSTOM TEMPLATE OUTPUT from \u0027themes\/custom\/sub_noahs_theme\/templates\/form\/container.html.twig\u0027 --\u003E\n\u003Cdiv class=\u0022data-bank-indicator-title text-uppercase fs-5 fw-bold pb-2 mb-lg-0\u0022\u003E\u003Cp\u003ECruces b\u00e1sicos\u003C\/p\u003E\n\u003C\/div\u003E\n\n\u003C!-- END CUSTOM TEMPLATE OUTPUT from \u0027themes\/custom\/sub_noahs_theme\/templates\/form\/container.html.twig\u0027 --\u003E\n\n\n\n\u003C!-- THEME DEBUG --\u003E\n\u003C!-- THEME HOOK: \u0027container\u0027 --\u003E\n\u003C!-- \ud83d\udca1 BEGIN CUSTOM TEMPLATE OUTPUT from \u0027themes\/custom\/sub_noahs_theme\/templates\/form\/container.html.twig\u0027 --\u003E\n\u003Cdiv class=\u0022o-field-value mb-lg-0\u0022\u003E\n\n\u003C!-- THEME DEBUG --\u003E\n\u003C!-- THEME HOOK: \u0027node\u0027 --\u003E\n\u003C!-- FILE NAME SUGGESTIONS:\n   \u25aa\ufe0f node--2400--teaser.html.twig\n   \u25aa\ufe0f node--2400.html.twig\n   \u25aa\ufe0f node--data-sample--teaser.html.twig\n   \u2705 node--data-sample.html.twig\n   \u25aa\ufe0f node--teaser.html.twig\n   \u25aa\ufe0f node.html.twig\n--\u003E\n\u003C!-- \ud83d\udca1 BEGIN CUSTOM TEMPLATE OUTPUT from \u0027themes\/custom\/sub_noahs_theme\/templates\/content\/node--data-sample.html.twig\u0027 --\u003E\n\n\n\u003Carticle class=\u0022node node--type-data-sample node--view-mode-teaser clearfix\u0022\u003E\n    \u003Cdiv class=\u0022node__content clearfix m-0\u0022\u003E\n        \n\n\u003C!-- THEME DEBUG --\u003E\n\u003C!-- THEME HOOK: \u0027container\u0027 --\u003E\n\u003C!-- \ud83d\udca1 BEGIN CUSTOM TEMPLATE OUTPUT from \u0027themes\/custom\/sub_noahs_theme\/templates\/form\/container.html.twig\u0027 --\u003E\n\u003Cdiv class=\u0022field field--name-field-title field--type-string field--label-hidden field__item teaser-title text-primary pb-3 mb-lg-0\u0022\u003E\u003Ca href=\u0022\/datos\/panama-perfil-ocupacional-de-la-poblacion-con-discapacidad-cruces-basicos\u0022\u003EPanam\u00e1. Perfil ocupacional de la poblaci\u00f3n con discapacidad. Cruces b\u00e1sicos.\u003C\/a\u003E\u003C\/div\u003E\n\n\u003C!-- END CUSTOM TEMPLATE OUTPUT from \u0027themes\/custom\/sub_noahs_theme\/templates\/form\/container.html.twig\u0027 --\u003E\n\n\n\n\u003C!-- THEME DEBUG --\u003E\n\u003C!-- THEME HOOK: \u0027field\u0027 --\u003E\n\u003C!-- FILE NAME SUGGESTIONS:\n   \u25aa\ufe0f field--node--field-source-data--data-sample.html.twig\n   \u25aa\ufe0f field--node--field-source-data.html.twig\n   \u25aa\ufe0f field--node--data-sample.html.twig\n   \u25aa\ufe0f field--field-source-data.html.twig\n   \u25aa\ufe0f field--entity-reference-revisions.html.twig\n   \u2705 field.html.twig\n--\u003E\n\u003C!-- BEGIN OUTPUT from \u0027themes\/contrib\/noahs_builder_theme\/templates\/field\/field.html.twig\u0027 --\u003E\n\n            \u003Cdiv class=\u0022field field-field-source-data field-type-entity-reference-revisions field-label-hidden field-item\u0022\u003E\n\n\u003C!-- THEME DEBUG --\u003E\n\u003C!-- THEME HOOK: \u0027paragraph\u0027 --\u003E\n\u003C!-- FILE NAME SUGGESTIONS:\n   \u25aa\ufe0f paragraph--4490.html.twig\n   \u25aa\ufe0f paragraph--html--default.html.twig\n   \u25aa\ufe0f paragraph--html.html.twig\n   \u2705 paragraph--default.html.twig\n   \u25aa\ufe0f paragraph.html.twig\n--\u003E\n\u003C!-- \ud83d\udca1 BEGIN CUSTOM TEMPLATE OUTPUT from \u0027themes\/custom\/sub_noahs_theme\/templates\/paragraph\/paragraph--default.html.twig\u0027 --\u003E\n\n  \u003Cdiv class=\u0022paragraph paragraph--type--html paragraph--view-mode--default\u0022\u003E\n      \u003Cdiv class=\u0022container-fluid p-0\u0022\u003E\n          \n\n\u003C!-- THEME DEBUG --\u003E\n\u003C!-- THEME HOOK: \u0027field\u0027 --\u003E\n\u003C!-- FILE NAME SUGGESTIONS:\n   \u25aa\ufe0f field--paragraph--field-description--html.html.twig\n   \u25aa\ufe0f field--paragraph--field-description.html.twig\n   \u25aa\ufe0f field--paragraph--html.html.twig\n   \u25aa\ufe0f field--field-description.html.twig\n   \u25aa\ufe0f field--text-long.html.twig\n   \u2705 field.html.twig\n--\u003E\n\u003C!-- BEGIN OUTPUT from \u0027themes\/contrib\/noahs_builder_theme\/templates\/field\/field.html.twig\u0027 --\u003E\n\n            \u003Cdiv class=\u0022field field-field-description field-type-text-long field-label-hidden field-item\u0022\u003E\u003Cp\u003E\u003C\/p\u003E\n\u003Ctable border=\u00220\u0022 width=\u0022897\u0022 cellspacing=\u00220\u0022 cellpadding=\u00220\u0022\u003E\u003Ccolgroup\u003E\u003Ccol width=\u0022375\u0022 \/\u003E\u003Ccol span=\u00226\u0022 width=\u002287\u0022 \/\u003E\u003C\/colgroup\u003E\n\u003Ctbody\u003E\n\u003Ctr\u003E\n\u003Ctd class=\u0022xl78\u0022 colspan=\u00227\u0022 align=\u0022left\u0022 width=\u0022897\u0022 height=\u002221\u0022\u003E\u003Cstrong\u003EPERFIL OCUPACIONAL DE LA POBLACI\u0026Oacute;N ACTIVA CON DISCAPACIDAD Y DE LA POBLACI\u0026Oacute;N ACTIVA TOTAL, POR SEXO\u003C\/strong\u003E\u003C\/td\u003E\n\u003C\/tr\u003E\n\u003Ctr\u003E\n\u003Ctd class=\u0022xl68\u0022 rowspan=\u00222\u0022 width=\u0022375\u0022 height=\u002258\u0022\u003E\u0026nbsp;\u003C\/td\u003E\n\u003Ctd class=\u0022xl68\u0022 style=\u0022text-align: center;\u0022 colspan=\u00223\u0022 width=\u0022261\u0022\u003EPoblaci\u0026oacute;n activa con discapacidad\u003C\/td\u003E\n\u003Ctd class=\u0022xl68\u0022 style=\u0022text-align: center;\u0022 colspan=\u00223\u0022 width=\u0022261\u0022\u003EPoblaci\u0026oacute;n activa total\u003C\/td\u003E\n\u003C\/tr\u003E\n\u003Ctr\u003E\n\u003Ctd class=\u0022xl68\u0022 style=\u0022text-align: center;\u0022 width=\u002287\u0022 height=\u002221\u0022\u003EHombre\u003C\/td\u003E\n\u003Ctd class=\u0022xl68\u0022 style=\u0022text-align: center;\u0022 width=\u002287\u0022\u003EMujer\u003C\/td\u003E\n\u003Ctd class=\u0022xl68\u0022 style=\u0022text-align: center;\u0022 width=\u002287\u0022\u003ETotal\u003C\/td\u003E\n\u003Ctd class=\u0022xl68\u0022 style=\u0022text-align: center;\u0022 width=\u002287\u0022\u003EHombre\u003C\/td\u003E\n\u003Ctd class=\u0022xl68\u0022 style=\u0022text-align: center;\u0022 width=\u002287\u0022\u003EMujer\u003C\/td\u003E\n\u003Ctd class=\u0022xl68\u0022 style=\u0022text-align: center;\u0022 width=\u002287\u0022\u003ETotal\u003C\/td\u003E\n\u003C\/tr\u003E\n\u003Ctr\u003E\n\u003Ctd class=\u0022xl75\u0022 colspan=\u00227\u0022 height=\u002221\u0022\u003E\u003Cstrong\u003EN\u0026uacute;meros absolutos\u003C\/strong\u003E\u003C\/td\u003E\n\u003C\/tr\u003E\n\u003Ctr\u003E\n\u003Ctd class=\u0022xl71\u0022 align=\u0022left\u0022 width=\u0022375\u0022 height=\u002243\u0022\u003EDirectores y gerentes de los sectores p\u0026uacute;blico, privado y de organizaciones de inter\u0026eacute;s social\u003C\/td\u003E\n\u003Ctd class=\u0022xl72\u0022 style=\u0022text-align: right;\u0022\u003E\u0026nbsp;\u0026nbsp;\u0026nbsp;\u0026nbsp;\u0026nbsp;\u0026nbsp;\u0026nbsp;\u0026nbsp;\u0026nbsp;\u0026nbsp;\u0026nbsp;\u0026nbsp; 958\u003C\/td\u003E\n\u003Ctd class=\u0022xl72\u0022 style=\u0022text-align: right;\u0022\u003E\u0026nbsp;\u0026nbsp;\u0026nbsp;\u0026nbsp;\u0026nbsp;\u0026nbsp;\u0026nbsp;\u0026nbsp;\u0026nbsp;\u0026nbsp;\u0026nbsp;\u0026nbsp; 687\u003C\/td\u003E\n\u003Ctd class=\u0022xl72\u0022 style=\u0022text-align: right;\u0022\u003E\u0026nbsp;\u0026nbsp;\u0026nbsp;\u0026nbsp;\u0026nbsp;\u0026nbsp;\u0026nbsp;\u0026nbsp;\u0026nbsp; 1.645\u003C\/td\u003E\n\u003Ctd class=\u0022xl72\u0022 style=\u0022text-align: right;\u0022\u003E\u0026nbsp;\u0026nbsp;\u0026nbsp;\u0026nbsp;\u0026nbsp;\u0026nbsp;\u0026nbsp; 62.665\u003C\/td\u003E\n\u003Ctd class=\u0022xl72\u0022 style=\u0022text-align: right;\u0022\u003E\u0026nbsp;\u0026nbsp;\u0026nbsp;\u0026nbsp;\u0026nbsp;\u0026nbsp;\u0026nbsp; 57.696\u003C\/td\u003E\n\u003Ctd class=\u0022xl72\u0022 style=\u0022text-align: right;\u0022\u003E\u0026nbsp;\u0026nbsp;\u0026nbsp;\u0026nbsp;\u0026nbsp; 120.361\u003C\/td\u003E\n\u003C\/tr\u003E\n\u003Ctr\u003E\n\u003Ctd class=\u0022xl71\u0022 align=\u0022left\u0022 width=\u0022375\u0022 height=\u002221\u0022\u003EProfesionales, cient\u0026iacute;ficos e intelectuales\u003C\/td\u003E\n\u003Ctd class=\u0022xl72\u0022 style=\u0022text-align: right;\u0022\u003E\u0026nbsp;\u0026nbsp;\u0026nbsp;\u0026nbsp;\u0026nbsp;\u0026nbsp;\u0026nbsp;\u0026nbsp;\u0026nbsp; 1.636\u003C\/td\u003E\n\u003Ctd class=\u0022xl72\u0022 style=\u0022text-align: right;\u0022\u003E\u0026nbsp;\u0026nbsp;\u0026nbsp;\u0026nbsp;\u0026nbsp;\u0026nbsp;\u0026nbsp;\u0026nbsp;\u0026nbsp; 2.072\u003C\/td\u003E\n\u003Ctd class=\u0022xl72\u0022 style=\u0022text-align: right;\u0022\u003E\u0026nbsp;\u0026nbsp;\u0026nbsp;\u0026nbsp;\u0026nbsp;\u0026nbsp;\u0026nbsp;\u0026nbsp;\u0026nbsp; 3.708\u003C\/td\u003E\n\u003Ctd class=\u0022xl72\u0022 style=\u0022text-align: right;\u0022\u003E\u0026nbsp;\u0026nbsp;\u0026nbsp;\u0026nbsp;\u0026nbsp;\u0026nbsp;\u0026nbsp; 87.446\u003C\/td\u003E\n\u003Ctd class=\u0022xl72\u0022 style=\u0022text-align: right;\u0022\u003E\u0026nbsp;\u0026nbsp;\u0026nbsp;\u0026nbsp;\u0026nbsp; 122.814\u003C\/td\u003E\n\u003Ctd class=\u0022xl72\u0022 style=\u0022text-align: right;\u0022\u003E\u0026nbsp;\u0026nbsp;\u0026nbsp;\u0026nbsp;\u0026nbsp; 210.260\u003C\/td\u003E\n\u003C\/tr\u003E\n\u003Ctr\u003E\n\u003Ctd class=\u0022xl71\u0022 align=\u0022left\u0022 width=\u0022375\u0022 height=\u002221\u0022\u003ET\u0026eacute;cnicos y profesionales de nivel medio\u003C\/td\u003E\n\u003Ctd class=\u0022xl72\u0022 style=\u0022text-align: right;\u0022\u003E\u0026nbsp;\u0026nbsp;\u0026nbsp;\u0026nbsp;\u0026nbsp;\u0026nbsp;\u0026nbsp;\u0026nbsp;\u0026nbsp; 1.293\u003C\/td\u003E\n\u003Ctd class=\u0022xl72\u0022 style=\u0022text-align: right;\u0022\u003E\u0026nbsp;\u0026nbsp;\u0026nbsp;\u0026nbsp;\u0026nbsp;\u0026nbsp;\u0026nbsp;\u0026nbsp;\u0026nbsp; 1.141\u003C\/td\u003E\n\u003Ctd class=\u0022xl72\u0022 style=\u0022text-align: right;\u0022\u003E\u0026nbsp;\u0026nbsp;\u0026nbsp;\u0026nbsp;\u0026nbsp;\u0026nbsp;\u0026nbsp;\u0026nbsp;\u0026nbsp; 2.434\u003C\/td\u003E\n\u003Ctd class=\u0022xl72\u0022 style=\u0022text-align: right;\u0022\u003E\u0026nbsp;\u0026nbsp;\u0026nbsp;\u0026nbsp;\u0026nbsp;\u0026nbsp;\u0026nbsp; 77.419\u003C\/td\u003E\n\u003Ctd class=\u0022xl72\u0022 style=\u0022text-align: right;\u0022\u003E\u0026nbsp;\u0026nbsp;\u0026nbsp;\u0026nbsp;\u0026nbsp;\u0026nbsp;\u0026nbsp; 83.337\u003C\/td\u003E\n\u003Ctd class=\u0022xl72\u0022 style=\u0022text-align: right;\u0022\u003E\u0026nbsp;\u0026nbsp;\u0026nbsp;\u0026nbsp;\u0026nbsp; 160.756\u003C\/td\u003E\n\u003C\/tr\u003E\n\u003Ctr\u003E\n\u003Ctd class=\u0022xl71\u0022 align=\u0022left\u0022 width=\u0022375\u0022 height=\u002221\u0022\u003EEmpleados de oficina\u003C\/td\u003E\n\u003Ctd class=\u0022xl72\u0022 style=\u0022text-align: right;\u0022\u003E\u0026nbsp;\u0026nbsp;\u0026nbsp;\u0026nbsp;\u0026nbsp;\u0026nbsp;\u0026nbsp;\u0026nbsp;\u0026nbsp;\u0026nbsp;\u0026nbsp;\u0026nbsp; 829\u003C\/td\u003E\n\u003Ctd class=\u0022xl72\u0022 style=\u0022text-align: right;\u0022\u003E\u0026nbsp;\u0026nbsp;\u0026nbsp;\u0026nbsp;\u0026nbsp;\u0026nbsp;\u0026nbsp;\u0026nbsp;\u0026nbsp; 1.380\u003C\/td\u003E\n\u003Ctd class=\u0022xl72\u0022 style=\u0022text-align: right;\u0022\u003E\u0026nbsp;\u0026nbsp;\u0026nbsp;\u0026nbsp;\u0026nbsp;\u0026nbsp;\u0026nbsp;\u0026nbsp;\u0026nbsp; 2.209\u003C\/td\u003E\n\u003Ctd class=\u0022xl72\u0022 style=\u0022text-align: right;\u0022\u003E\u0026nbsp;\u0026nbsp;\u0026nbsp;\u0026nbsp;\u0026nbsp;\u0026nbsp;\u0026nbsp; 33.802\u003C\/td\u003E\n\u003Ctd class=\u0022xl72\u0022 style=\u0022text-align: right;\u0022\u003E\u0026nbsp;\u0026nbsp;\u0026nbsp;\u0026nbsp;\u0026nbsp;\u0026nbsp;\u0026nbsp; 73.626\u003C\/td\u003E\n\u003Ctd class=\u0022xl72\u0022 style=\u0022text-align: right;\u0022\u003E\u0026nbsp;\u0026nbsp;\u0026nbsp;\u0026nbsp;\u0026nbsp; 107.428\u003C\/td\u003E\n\u003C\/tr\u003E\n\u003Ctr\u003E\n\u003Ctd class=\u0022xl71\u0022 align=\u0022left\u0022 width=\u0022375\u0022 height=\u002243\u0022\u003ETrabajadores de los servicios y vendedores de comercios y mercados\u003C\/td\u003E\n\u003Ctd class=\u0022xl72\u0022 style=\u0022text-align: right;\u0022\u003E\u0026nbsp;\u0026nbsp;\u0026nbsp;\u0026nbsp;\u0026nbsp;\u0026nbsp;\u0026nbsp;\u0026nbsp;\u0026nbsp; 3.086\u003C\/td\u003E\n\u003Ctd class=\u0022xl72\u0022 style=\u0022text-align: right;\u0022\u003E\u0026nbsp;\u0026nbsp;\u0026nbsp;\u0026nbsp;\u0026nbsp;\u0026nbsp;\u0026nbsp;\u0026nbsp;\u0026nbsp; 2.269\u003C\/td\u003E\n\u003Ctd class=\u0022xl72\u0022 style=\u0022text-align: right;\u0022\u003E\u0026nbsp;\u0026nbsp;\u0026nbsp;\u0026nbsp;\u0026nbsp;\u0026nbsp;\u0026nbsp;\u0026nbsp;\u0026nbsp; 5.355\u003C\/td\u003E\n\u003Ctd class=\u0022xl72\u0022 style=\u0022text-align: right;\u0022\u003E\u0026nbsp;\u0026nbsp;\u0026nbsp;\u0026nbsp;\u0026nbsp; 157.334\u003C\/td\u003E\n\u003Ctd class=\u0022xl72\u0022 style=\u0022text-align: right;\u0022\u003E\u0026nbsp;\u0026nbsp;\u0026nbsp;\u0026nbsp;\u0026nbsp; 142.889\u003C\/td\u003E\n\u003Ctd class=\u0022xl72\u0022 style=\u0022text-align: right;\u0022\u003E\u0026nbsp;\u0026nbsp;\u0026nbsp;\u0026nbsp;\u0026nbsp; 300.223\u003C\/td\u003E\n\u003C\/tr\u003E\n\u003Ctr\u003E\n\u003Ctd class=\u0022xl71\u0022 align=\u0022left\u0022 width=\u0022375\u0022 height=\u002243\u0022\u003EAgricultores y trabajadores agropecuarios, forestales, de la pesca y caza\u003C\/td\u003E\n\u003Ctd class=\u0022xl72\u0022 style=\u0022text-align: right;\u0022\u003E\u0026nbsp;\u0026nbsp;\u0026nbsp;\u0026nbsp;\u0026nbsp;\u0026nbsp;\u0026nbsp;\u0026nbsp;\u0026nbsp; 3.049\u003C\/td\u003E\n\u003Ctd class=\u0022xl72\u0022 style=\u0022text-align: right;\u0022\u003E\u0026nbsp;\u0026nbsp;\u0026nbsp;\u0026nbsp;\u0026nbsp;\u0026nbsp;\u0026nbsp;\u0026nbsp;\u0026nbsp;\u0026nbsp;\u0026nbsp;\u0026nbsp; 384\u003C\/td\u003E\n\u003Ctd class=\u0022xl72\u0022 style=\u0022text-align: right;\u0022\u003E\u0026nbsp;\u0026nbsp;\u0026nbsp;\u0026nbsp;\u0026nbsp;\u0026nbsp;\u0026nbsp;\u0026nbsp;\u0026nbsp; 3.433\u003C\/td\u003E\n\u003Ctd class=\u0022xl72\u0022 style=\u0022text-align: right;\u0022\u003E\u0026nbsp;\u0026nbsp;\u0026nbsp;\u0026nbsp;\u0026nbsp; 122.617\u003C\/td\u003E\n\u003Ctd class=\u0022xl72\u0022 style=\u0022text-align: right;\u0022\u003E\u0026nbsp;\u0026nbsp;\u0026nbsp;\u0026nbsp;\u0026nbsp;\u0026nbsp;\u0026nbsp; 28.622\u003C\/td\u003E\n\u003Ctd class=\u0022xl72\u0022 style=\u0022text-align: right;\u0022\u003E\u0026nbsp;\u0026nbsp;\u0026nbsp;\u0026nbsp;\u0026nbsp; 151.239\u003C\/td\u003E\n\u003C\/tr\u003E\n\u003Ctr\u003E\n\u003Ctd class=\u0022xl71\u0022 align=\u0022left\u0022 width=\u0022375\u0022 height=\u002243\u0022\u003EArtesanos y trabajadores de la miner\u0026iacute;a, la construcci\u0026oacute;n, la industria manufacturera, la\u0026nbsp;\u0026nbsp;\u0026nbsp;\u0026nbsp; mec\u0026aacute;nica y ocupaciones afines\u003C\/td\u003E\n\u003Ctd class=\u0022xl72\u0022 style=\u0022text-align: right;\u0022\u003E\u0026nbsp;\u0026nbsp;\u0026nbsp;\u0026nbsp;\u0026nbsp;\u0026nbsp;\u0026nbsp;\u0026nbsp;\u0026nbsp; 3.726\u003C\/td\u003E\n\u003Ctd class=\u0022xl72\u0022 style=\u0022text-align: right;\u0022\u003E\u0026nbsp;\u0026nbsp;\u0026nbsp;\u0026nbsp;\u0026nbsp;\u0026nbsp;\u0026nbsp;\u0026nbsp;\u0026nbsp;\u0026nbsp;\u0026nbsp;\u0026nbsp; 636\u003C\/td\u003E\n\u003Ctd class=\u0022xl72\u0022 style=\u0022text-align: right;\u0022\u003E\u0026nbsp;\u0026nbsp;\u0026nbsp;\u0026nbsp;\u0026nbsp;\u0026nbsp;\u0026nbsp;\u0026nbsp;\u0026nbsp; 4.362\u003C\/td\u003E\n\u003Ctd class=\u0022xl72\u0022 style=\u0022text-align: right;\u0022\u003E\u0026nbsp;\u0026nbsp;\u0026nbsp;\u0026nbsp;\u0026nbsp; 195.741\u003C\/td\u003E\n\u003Ctd class=\u0022xl72\u0022 style=\u0022text-align: right;\u0022\u003E\u0026nbsp;\u0026nbsp;\u0026nbsp;\u0026nbsp;\u0026nbsp;\u0026nbsp;\u0026nbsp; 27.955\u003C\/td\u003E\n\u003Ctd class=\u0022xl72\u0022 style=\u0022text-align: right;\u0022\u003E\u0026nbsp;\u0026nbsp;\u0026nbsp;\u0026nbsp;\u0026nbsp; 223.696\u003C\/td\u003E\n\u003C\/tr\u003E\n\u003Ctr\u003E\n\u003Ctd class=\u0022xl71\u0022 align=\u0022left\u0022 width=\u0022375\u0022 height=\u002264\u0022\u003EOperadores de instalaciones fijas y m\u0026aacute;quinas;\u0026nbsp; ensambladores, conductores y operadores de maquinarias m\u0026oacute;viles\u003C\/td\u003E\n\u003Ctd class=\u0022xl72\u0022 style=\u0022text-align: right;\u0022\u003E\u0026nbsp;\u0026nbsp;\u0026nbsp;\u0026nbsp;\u0026nbsp;\u0026nbsp;\u0026nbsp;\u0026nbsp;\u0026nbsp; 1.992\u003C\/td\u003E\n\u003Ctd class=\u0022xl72\u0022 style=\u0022text-align: right;\u0022\u003E\u0026nbsp;\u0026nbsp;\u0026nbsp;\u0026nbsp;\u0026nbsp;\u0026nbsp;\u0026nbsp;\u0026nbsp;\u0026nbsp;\u0026nbsp;\u0026nbsp;\u0026nbsp;\u0026nbsp;\u0026nbsp; 84\u003C\/td\u003E\n\u003Ctd class=\u0022xl72\u0022 style=\u0022text-align: right;\u0022\u003E\u0026nbsp;\u0026nbsp;\u0026nbsp;\u0026nbsp;\u0026nbsp;\u0026nbsp;\u0026nbsp;\u0026nbsp;\u0026nbsp; 2.076\u003C\/td\u003E\n\u003Ctd class=\u0022xl72\u0022 style=\u0022text-align: right;\u0022\u003E\u0026nbsp;\u0026nbsp;\u0026nbsp;\u0026nbsp;\u0026nbsp; 115.518\u003C\/td\u003E\n\u003Ctd class=\u0022xl72\u0022 style=\u0022text-align: right;\u0022\u003E\u0026nbsp;\u0026nbsp;\u0026nbsp;\u0026nbsp;\u0026nbsp;\u0026nbsp;\u0026nbsp;\u0026nbsp;\u0026nbsp; 4.728\u003C\/td\u003E\n\u003Ctd class=\u0022xl72\u0022 style=\u0022text-align: right;\u0022\u003E\u0026nbsp;\u0026nbsp;\u0026nbsp;\u0026nbsp;\u0026nbsp; 120.246\u003C\/td\u003E\n\u003C\/tr\u003E\n\u003Ctr\u003E\n\u003Ctd class=\u0022xl71\u0022 align=\u0022left\u0022 width=\u0022375\u0022 height=\u002264\u0022\u003ETrabajadores no calificados de los servicios, la miner\u0026iacute;a, construcci\u0026oacute;n, industria manufacturera, transporte y otras ocupaciones elementales\u003C\/td\u003E\n\u003Ctd class=\u0022xl72\u0022 style=\u0022text-align: right;\u0022\u003E\u0026nbsp;\u0026nbsp;\u0026nbsp;\u0026nbsp;\u0026nbsp;\u0026nbsp;\u0026nbsp;\u0026nbsp;\u0026nbsp; 5.654\u003C\/td\u003E\n\u003Ctd class=\u0022xl72\u0022 style=\u0022text-align: right;\u0022\u003E\u0026nbsp;\u0026nbsp;\u0026nbsp;\u0026nbsp;\u0026nbsp;\u0026nbsp;\u0026nbsp;\u0026nbsp;\u0026nbsp; 2.338\u003C\/td\u003E\n\u003Ctd class=\u0022xl72\u0022 style=\u0022text-align: right;\u0022\u003E\u0026nbsp;\u0026nbsp;\u0026nbsp;\u0026nbsp;\u0026nbsp;\u0026nbsp;\u0026nbsp;\u0026nbsp;\u0026nbsp; 7.992\u003C\/td\u003E\n\u003Ctd class=\u0022xl72\u0022 style=\u0022text-align: right;\u0022\u003E\u0026nbsp;\u0026nbsp;\u0026nbsp;\u0026nbsp;\u0026nbsp; 208.843\u003C\/td\u003E\n\u003Ctd class=\u0022xl72\u0022 style=\u0022text-align: right;\u0022\u003E\u0026nbsp;\u0026nbsp;\u0026nbsp;\u0026nbsp;\u0026nbsp; 111.553\u003C\/td\u003E\n\u003Ctd class=\u0022xl72\u0022 style=\u0022text-align: right;\u0022\u003E\u0026nbsp;\u0026nbsp;\u0026nbsp;\u0026nbsp;\u0026nbsp; 320.396\u003C\/td\u003E\n\u003C\/tr\u003E\n\u003Ctr\u003E\n\u003Ctd class=\u0022xl71\u0022 align=\u0022left\u0022 width=\u0022375\u0022 height=\u002243\u0022\u003E\u0026nbsp;Miembros de las fuerzas armadas y\u0026nbsp;\u0026nbsp;\u0026nbsp;\u0026nbsp; trabajadores en ocupaciones no identificables o no declaradas\u003C\/td\u003E\n\u003Ctd class=\u0022xl72\u0022 style=\u0022text-align: right;\u0022\u003E\u0026nbsp;\u0026nbsp;\u0026nbsp;\u0026nbsp;\u0026nbsp;\u0026nbsp;\u0026nbsp;\u0026nbsp;\u0026nbsp;\u0026nbsp;\u0026nbsp;\u0026nbsp; 191\u003C\/td\u003E\n\u003Ctd class=\u0022xl72\u0022 style=\u0022text-align: right;\u0022\u003E\u0026nbsp;\u0026nbsp;\u0026nbsp;\u0026nbsp;\u0026nbsp;\u0026nbsp;\u0026nbsp;\u0026nbsp;\u0026nbsp;\u0026nbsp;\u0026nbsp;\u0026nbsp;\u0026nbsp;\u0026nbsp; 84\u003C\/td\u003E\n\u003Ctd class=\u0022xl72\u0022 style=\u0022text-align: right;\u0022\u003E\u0026nbsp;\u0026nbsp;\u0026nbsp;\u0026nbsp;\u0026nbsp;\u0026nbsp;\u0026nbsp;\u0026nbsp;\u0026nbsp;\u0026nbsp;\u0026nbsp;\u0026nbsp; 275\u003C\/td\u003E\n\u003Ctd class=\u0022xl72\u0022 style=\u0022text-align: right;\u0022\u003E\u0026nbsp;\u0026nbsp;\u0026nbsp;\u0026nbsp;\u0026nbsp;\u0026nbsp;\u0026nbsp;\u0026nbsp;\u0026nbsp; 6.997\u003C\/td\u003E\n\u003Ctd class=\u0022xl72\u0022 style=\u0022text-align: right;\u0022\u003E\u0026nbsp;\u0026nbsp;\u0026nbsp;\u0026nbsp;\u0026nbsp;\u0026nbsp;\u0026nbsp;\u0026nbsp;\u0026nbsp; 3.035\u003C\/td\u003E\n\u003Ctd class=\u0022xl72\u0022 style=\u0022text-align: right;\u0022\u003E\u0026nbsp;\u0026nbsp;\u0026nbsp;\u0026nbsp;\u0026nbsp;\u0026nbsp;\u0026nbsp; 10.032\u003C\/td\u003E\n\u003C\/tr\u003E\n\u003Ctr\u003E\n\u003Ctd class=\u0022xl70\u0022 align=\u0022left\u0022 width=\u0022375\u0022 height=\u002221\u0022\u003E\u003Cstrong\u003E\u0026nbsp;TOTAL ACTIVOS\u003C\/strong\u003E\u003C\/td\u003E\n\u003Ctd class=\u0022xl69\u0022 style=\u0022text-align: right;\u0022\u003E\u003Cstrong\u003E\u0026nbsp;\u0026nbsp;\u0026nbsp;\u0026nbsp;\u0026nbsp;\u0026nbsp;\u0026nbsp; 22.414\u003C\/strong\u003E\u003C\/td\u003E\n\u003Ctd class=\u0022xl69\u0022 style=\u0022text-align: right;\u0022\u003E\u003Cstrong\u003E\u0026nbsp;\u0026nbsp;\u0026nbsp;\u0026nbsp;\u0026nbsp;\u0026nbsp;\u0026nbsp; 11.075\u003C\/strong\u003E\u003C\/td\u003E\n\u003Ctd class=\u0022xl69\u0022 style=\u0022text-align: right;\u0022\u003E\u003Cstrong\u003E\u0026nbsp;\u0026nbsp;\u0026nbsp;\u0026nbsp;\u0026nbsp;\u0026nbsp;\u0026nbsp; 33.489\u003C\/strong\u003E\u003C\/td\u003E\n\u003Ctd class=\u0022xl69\u0022 style=\u0022text-align: right;\u0022\u003E\u003Cstrong\u003E\u0026nbsp;\u0026nbsp; 1.068.382\u003C\/strong\u003E\u003C\/td\u003E\n\u003Ctd class=\u0022xl69\u0022 style=\u0022text-align: right;\u0022\u003E\u003Cstrong\u003E\u0026nbsp;\u0026nbsp;\u0026nbsp;\u0026nbsp;\u0026nbsp; 656.255\u003C\/strong\u003E\u003C\/td\u003E\n\u003Ctd class=\u0022xl69\u0022 style=\u0022text-align: right;\u0022\u003E\u003Cstrong\u003E\u0026nbsp;\u0026nbsp; 1.724.637\u003C\/strong\u003E\u003C\/td\u003E\n\u003C\/tr\u003E\n\u003Ctr\u003E\n\u003Ctd class=\u0022xl76\u0022 colspan=\u00227\u0022 width=\u0022897\u0022 height=\u002221\u0022\u003E\u003Cstrong\u003EPorcentajes\u003C\/strong\u003E\u003C\/td\u003E\n\u003C\/tr\u003E\n\u003Ctr\u003E\n\u003Ctd class=\u0022xl71\u0022 align=\u0022left\u0022 width=\u0022375\u0022 height=\u002243\u0022\u003EDirectores y gerentes de los sectores p\u0026uacute;blico, privado y de organizaciones de inter\u0026eacute;s social\u003C\/td\u003E\n\u003Ctd class=\u0022xl73\u0022 align=\u0022right\u0022\u003E4,3%\u003C\/td\u003E\n\u003Ctd class=\u0022xl73\u0022 align=\u0022right\u0022\u003E6,2%\u003C\/td\u003E\n\u003Ctd class=\u0022xl73\u0022 align=\u0022right\u0022\u003E4,9%\u003C\/td\u003E\n\u003Ctd class=\u0022xl73\u0022 align=\u0022right\u0022\u003E5,9%\u003C\/td\u003E\n\u003Ctd class=\u0022xl73\u0022 align=\u0022right\u0022\u003E8,8%\u003C\/td\u003E\n\u003Ctd class=\u0022xl73\u0022 align=\u0022right\u0022\u003E7,0%\u003C\/td\u003E\n\u003C\/tr\u003E\n\u003Ctr\u003E\n\u003Ctd class=\u0022xl71\u0022 align=\u0022left\u0022 width=\u0022375\u0022 height=\u002221\u0022\u003EProfesionales, cient\u0026iacute;ficos e intelectuales\u003C\/td\u003E\n\u003Ctd class=\u0022xl73\u0022 align=\u0022right\u0022\u003E7,3%\u003C\/td\u003E\n\u003Ctd class=\u0022xl73\u0022 align=\u0022right\u0022\u003E18,7%\u003C\/td\u003E\n\u003Ctd class=\u0022xl73\u0022 align=\u0022right\u0022\u003E11,1%\u003C\/td\u003E\n\u003Ctd class=\u0022xl73\u0022 align=\u0022right\u0022\u003E8,2%\u003C\/td\u003E\n\u003Ctd class=\u0022xl73\u0022 align=\u0022right\u0022\u003E18,7%\u003C\/td\u003E\n\u003Ctd class=\u0022xl73\u0022 align=\u0022right\u0022\u003E12,2%\u003C\/td\u003E\n\u003C\/tr\u003E\n\u003Ctr\u003E\n\u003Ctd class=\u0022xl71\u0022 align=\u0022left\u0022 width=\u0022375\u0022 height=\u002221\u0022\u003ET\u0026eacute;cnicos y profesionales de nivel medio\u003C\/td\u003E\n\u003Ctd class=\u0022xl73\u0022 align=\u0022right\u0022\u003E5,8%\u003C\/td\u003E\n\u003Ctd class=\u0022xl73\u0022 align=\u0022right\u0022\u003E10,3%\u003C\/td\u003E\n\u003Ctd class=\u0022xl73\u0022 align=\u0022right\u0022\u003E7,3%\u003C\/td\u003E\n\u003Ctd class=\u0022xl73\u0022 align=\u0022right\u0022\u003E7,2%\u003C\/td\u003E\n\u003Ctd class=\u0022xl73\u0022 align=\u0022right\u0022\u003E12,7%\u003C\/td\u003E\n\u003Ctd class=\u0022xl73\u0022 align=\u0022right\u0022\u003E9,3%\u003C\/td\u003E\n\u003C\/tr\u003E\n\u003Ctr\u003E\n\u003Ctd class=\u0022xl71\u0022 align=\u0022left\u0022 width=\u0022375\u0022 height=\u002221\u0022\u003EEmpleados de oficina\u003C\/td\u003E\n\u003Ctd class=\u0022xl73\u0022 align=\u0022right\u0022\u003E3,7%\u003C\/td\u003E\n\u003Ctd class=\u0022xl73\u0022 align=\u0022right\u0022\u003E12,5%\u003C\/td\u003E\n\u003Ctd class=\u0022xl73\u0022 align=\u0022right\u0022\u003E6,6%\u003C\/td\u003E\n\u003Ctd class=\u0022xl73\u0022 align=\u0022right\u0022\u003E3,2%\u003C\/td\u003E\n\u003Ctd class=\u0022xl73\u0022 align=\u0022right\u0022\u003E11,2%\u003C\/td\u003E\n\u003Ctd class=\u0022xl73\u0022 align=\u0022right\u0022\u003E6,2%\u003C\/td\u003E\n\u003C\/tr\u003E\n\u003Ctr\u003E\n\u003Ctd class=\u0022xl71\u0022 align=\u0022left\u0022 width=\u0022375\u0022 height=\u002243\u0022\u003ETrabajadores de los servicios y vendedores de comercios y mercados\u003C\/td\u003E\n\u003Ctd class=\u0022xl73\u0022 align=\u0022right\u0022\u003E13,8%\u003C\/td\u003E\n\u003Ctd class=\u0022xl73\u0022 align=\u0022right\u0022\u003E20,5%\u003C\/td\u003E\n\u003Ctd class=\u0022xl73\u0022 align=\u0022right\u0022\u003E16,0%\u003C\/td\u003E\n\u003Ctd class=\u0022xl73\u0022 align=\u0022right\u0022\u003E14,7%\u003C\/td\u003E\n\u003Ctd class=\u0022xl73\u0022 align=\u0022right\u0022\u003E21,8%\u003C\/td\u003E\n\u003Ctd class=\u0022xl73\u0022 align=\u0022right\u0022\u003E17,4%\u003C\/td\u003E\n\u003C\/tr\u003E\n\u003Ctr\u003E\n\u003Ctd class=\u0022xl71\u0022 align=\u0022left\u0022 width=\u0022375\u0022 height=\u002243\u0022\u003EAgricultores y trabajadores agropecuarios, forestales, de la pesca y caza\u003C\/td\u003E\n\u003Ctd class=\u0022xl73\u0022 align=\u0022right\u0022\u003E13,6%\u003C\/td\u003E\n\u003Ctd class=\u0022xl73\u0022 align=\u0022right\u0022\u003E3,5%\u003C\/td\u003E\n\u003Ctd class=\u0022xl73\u0022 align=\u0022right\u0022\u003E10,3%\u003C\/td\u003E\n\u003Ctd class=\u0022xl73\u0022 align=\u0022right\u0022\u003E11,5%\u003C\/td\u003E\n\u003Ctd class=\u0022xl73\u0022 align=\u0022right\u0022\u003E4,4%\u003C\/td\u003E\n\u003Ctd class=\u0022xl73\u0022 align=\u0022right\u0022\u003E8,8%\u003C\/td\u003E\n\u003C\/tr\u003E\n\u003Ctr\u003E\n\u003Ctd class=\u0022xl71\u0022 align=\u0022left\u0022 width=\u0022375\u0022 height=\u002243\u0022\u003EArtesanos y trabajadores de la miner\u0026iacute;a, la construcci\u0026oacute;n, la industria manufacturera, la\u0026nbsp;\u0026nbsp;\u0026nbsp;\u0026nbsp; mec\u0026aacute;nica y ocupaciones afines\u003C\/td\u003E\n\u003Ctd class=\u0022xl73\u0022 align=\u0022right\u0022\u003E16,6%\u003C\/td\u003E\n\u003Ctd class=\u0022xl73\u0022 align=\u0022right\u0022\u003E5,7%\u003C\/td\u003E\n\u003Ctd class=\u0022xl73\u0022 align=\u0022right\u0022\u003E13,0%\u003C\/td\u003E\n\u003Ctd class=\u0022xl73\u0022 align=\u0022right\u0022\u003E18,3%\u003C\/td\u003E\n\u003Ctd class=\u0022xl73\u0022 align=\u0022right\u0022\u003E4,3%\u003C\/td\u003E\n\u003Ctd class=\u0022xl73\u0022 align=\u0022right\u0022\u003E13,0%\u003C\/td\u003E\n\u003C\/tr\u003E\n\u003Ctr\u003E\n\u003Ctd class=\u0022xl71\u0022 align=\u0022left\u0022 width=\u0022375\u0022 height=\u002264\u0022\u003EOperadores de instalaciones fijas y m\u0026aacute;quinas;\u0026nbsp; ensambladores, conductores y operadores de maquinarias m\u0026oacute;viles\u003C\/td\u003E\n\u003Ctd class=\u0022xl73\u0022 align=\u0022right\u0022\u003E8,9%\u003C\/td\u003E\n\u003Ctd class=\u0022xl73\u0022 align=\u0022right\u0022\u003E0,8%\u003C\/td\u003E\n\u003Ctd class=\u0022xl73\u0022 align=\u0022right\u0022\u003E6,2%\u003C\/td\u003E\n\u003Ctd class=\u0022xl73\u0022 align=\u0022right\u0022\u003E10,8%\u003C\/td\u003E\n\u003Ctd class=\u0022xl73\u0022 align=\u0022right\u0022\u003E0,7%\u003C\/td\u003E\n\u003Ctd class=\u0022xl73\u0022 align=\u0022right\u0022\u003E7,0%\u003C\/td\u003E\n\u003C\/tr\u003E\n\u003Ctr\u003E\n\u003Ctd class=\u0022xl71\u0022 align=\u0022left\u0022 width=\u0022375\u0022 height=\u002264\u0022\u003ETrabajadores no calificados de los servicios, la miner\u0026iacute;a, construcci\u0026oacute;n, industria manufacturera, transporte y otras ocupaciones elementales\u003C\/td\u003E\n\u003Ctd class=\u0022xl73\u0022 align=\u0022right\u0022\u003E25,2%\u003C\/td\u003E\n\u003Ctd class=\u0022xl73\u0022 align=\u0022right\u0022\u003E21,1%\u003C\/td\u003E\n\u003Ctd class=\u0022xl73\u0022 align=\u0022right\u0022\u003E23,9%\u003C\/td\u003E\n\u003Ctd class=\u0022xl73\u0022 align=\u0022right\u0022\u003E19,5%\u003C\/td\u003E\n\u003Ctd class=\u0022xl73\u0022 align=\u0022right\u0022\u003E17,0%\u003C\/td\u003E\n\u003Ctd class=\u0022xl73\u0022 align=\u0022right\u0022\u003E18,6%\u003C\/td\u003E\n\u003C\/tr\u003E\n\u003Ctr\u003E\n\u003Ctd class=\u0022xl71\u0022 align=\u0022left\u0022 width=\u0022375\u0022 height=\u002243\u0022\u003E\u0026nbsp;Miembros de las fuerzas armadas y\u0026nbsp;\u0026nbsp;\u0026nbsp;\u0026nbsp; trabajadores en ocupaciones no identificables o no declaradas\u003C\/td\u003E\n\u003Ctd class=\u0022xl73\u0022 align=\u0022right\u0022\u003E0,9%\u003C\/td\u003E\n\u003Ctd class=\u0022xl73\u0022 align=\u0022right\u0022\u003E0,8%\u003C\/td\u003E\n\u003Ctd class=\u0022xl73\u0022 align=\u0022right\u0022\u003E0,8%\u003C\/td\u003E\n\u003Ctd class=\u0022xl73\u0022 align=\u0022right\u0022\u003E0,7%\u003C\/td\u003E\n\u003Ctd class=\u0022xl73\u0022 align=\u0022right\u0022\u003E0,5%\u003C\/td\u003E\n\u003Ctd class=\u0022xl73\u0022 align=\u0022right\u0022\u003E0,6%\u003C\/td\u003E\n\u003C\/tr\u003E\n\u003Ctr\u003E\n\u003Ctd class=\u0022xl70\u0022 align=\u0022left\u0022 width=\u0022375\u0022 height=\u002221\u0022\u003E\u003Cstrong\u003E\u0026nbsp;TOTAL ACTIVOS\u003C\/strong\u003E\u003C\/td\u003E\n\u003Ctd class=\u0022xl74\u0022 align=\u0022right\u0022\u003E\u003Cstrong\u003E100,0%\u003C\/strong\u003E\u003C\/td\u003E\n\u003Ctd class=\u0022xl74\u0022 align=\u0022right\u0022\u003E\u003Cstrong\u003E100,0%\u003C\/strong\u003E\u003C\/td\u003E\n\u003Ctd class=\u0022xl74\u0022 align=\u0022right\u0022\u003E\u003Cstrong\u003E100,0%\u003C\/strong\u003E\u003C\/td\u003E\n\u003Ctd class=\u0022xl74\u0022 align=\u0022right\u0022\u003E\u003Cstrong\u003E100,0%\u003C\/strong\u003E\u003C\/td\u003E\n\u003Ctd class=\u0022xl74\u0022 align=\u0022right\u0022\u003E\u003Cstrong\u003E100,0%\u003C\/strong\u003E\u003C\/td\u003E\n\u003Ctd class=\u0022xl74\u0022 align=\u0022right\u0022\u003E\u003Cstrong\u003E100,0%\u003C\/strong\u003E\u003C\/td\u003E\n\u003C\/tr\u003E\n\u003C\/tbody\u003E\n\u003C\/table\u003E\u003C\/div\u003E\n      \n\u003C!-- END OUTPUT from \u0027themes\/contrib\/noahs_builder_theme\/templates\/field\/field.html.twig\u0027 --\u003E\n\n\n          \u003C\/div\u003E\n  \u003C\/div\u003E\n\n\u003C!-- END CUSTOM TEMPLATE OUTPUT from \u0027themes\/custom\/sub_noahs_theme\/templates\/paragraph\/paragraph--default.html.twig\u0027 --\u003E\n\n\u003C\/div\u003E\n      \n\u003C!-- END OUTPUT from \u0027themes\/contrib\/noahs_builder_theme\/templates\/field\/field.html.twig\u0027 --\u003E\n\n\n\n\u003C!-- THEME DEBUG --\u003E\n\u003C!-- THEME HOOK: \u0027pseudo_field\u0027 --\u003E\n\u003C!-- \ud83d\udca1 BEGIN CUSTOM TEMPLATE OUTPUT from \u0027themes\/custom\/sub_noahs_theme\/templates\/field\/pseudo-field.html.twig\u0027 --\u003E\n\n\u003Cdiv class=\u0022field field-pseudo-social-sharing pt-3\u0022\u003E\n  \u003Cdiv class=\u0022pt-3 border-top border-primary\u0022\u003E\n\n\u003C!-- THEME DEBUG --\u003E\n\u003C!-- THEME HOOK: \u0027item_list\u0027 --\u003E\n\u003C!-- BEGIN OUTPUT from \u0027core\/modules\/system\/templates\/item-list.html.twig\u0027 --\u003E\n\u003Ch3\u003ECompartir:\u003C\/h3\u003E\u003Cul class=\u0022share-container__items d-flex gap-3 flex-column flex-sm-row\u0022\u003E\u003Cli class=\u0022share-container__item border-0 rounded-0 p-0 col-12 col-sm-auto share-container__item-facebook\u0022\u003E\u003Ca href=\u0022https:\/\/www.facebook.com\/sharer\/sharer.php?u=https%3A\/\/odismet.org\/datos\/panama-perfil-ocupacional-de-la-poblacion-con-discapacidad-cruces-basicos\u0022 class=\u0022text-white share-link px-3 py-2 lh-sm\u0022 target=\u0022_blank\u0022\u003EFacebook\u003C\/a\u003E\u003C\/li\u003E\u003Cli class=\u0022share-container__item border-0 rounded-0 p-0 col-12 col-sm-auto share-container__item-twitter\u0022\u003E\u003Ca href=\u0022https:\/\/twitter.com\/intent\/tweet?text=Panam%C3%A1.%20Perfil%20ocupacional%20de%20la%20poblaci%C3%B3n%20con%20discapacidad.%20Cruces%20b%C3%A1sicos.\u0026amp;url=https%3A\/\/odismet.org\/datos\/panama-perfil-ocupacional-de-la-poblacion-con-discapacidad-cruces-basicos\u0022 class=\u0022text-white share-link px-3 py-2 lh-sm\u0022 target=\u0022_blank\u0022\u003ETwitter\u003C\/a\u003E\u003C\/li\u003E\u003Cli class=\u0022share-container__item border-0 rounded-0 p-0 col-12 col-sm-auto share-container__item-linkedin\u0022\u003E\u003Ca href=\u0022https:\/\/www.linkedin.com\/shareArticle?mini=true\u0026amp;url=https%3A\/\/odismet.org\/datos\/panama-perfil-ocupacional-de-la-poblacion-con-discapacidad-cruces-basicos\u0026amp;title=Panam%C3%A1.%20Perfil%20ocupacional%20de%20la%20poblaci%C3%B3n%20con%20discapacidad.%20Cruces%20b%C3%A1sicos.\u0022 class=\u0022text-white share-link px-3 py-2 lh-sm\u0022 target=\u0022_blank\u0022\u003ELinkedin\u003C\/a\u003E\u003C\/li\u003E\u003C\/ul\u003E\n\u003C!-- END OUTPUT from \u0027core\/modules\/system\/templates\/item-list.html.twig\u0027 --\u003E\n\n\n\u003C\/div\u003E\n\n\u003C!-- END CUSTOM TEMPLATE OUTPUT from \u0027themes\/custom\/sub_noahs_theme\/templates\/field\/pseudo-field.html.twig\u0027 --\u003E\n\n\n    \u003C\/div\u003E\n\u003C\/article\u003E\n\n\n\u003C!-- END CUSTOM TEMPLATE OUTPUT from \u0027themes\/custom\/sub_noahs_theme\/templates\/content\/node--data-sample.html.twig\u0027 --\u003E\n\n\u003C\/div\u003E\n\n\u003C!-- END CUSTOM TEMPLATE OUTPUT from \u0027themes\/custom\/sub_noahs_theme\/templates\/form\/container.html.twig\u0027 --\u003E\n\n\u003C\/div\u003E\n\n\u003C!-- END CUSTOM TEMPLATE OUTPUT from \u0027themes\/custom\/sub_noahs_theme\/templates\/form\/container.html.twig\u0027 --\u003E\n\n","settings":null,"effect":"fade","speed":"slow"}]