[{"command":"insert","method":"replaceWith","selector":"#indicator-content-ajax","data":"\n\n\u003C!-- THEME DEBUG --\u003E\n\u003C!-- THEME HOOK: \u0027container\u0027 --\u003E\n\u003C!-- \ud83d\udca1 BEGIN CUSTOM TEMPLATE OUTPUT from \u0027themes\/custom\/sub_noahs_theme\/templates\/form\/container.html.twig\u0027 --\u003E\n\u003Cdiv id=\u0022indicator-content-ajax\u0022 class=\u0022daba-bank-full-main  mb-lg-0\u0022\u003E\n\n\u003C!-- THEME DEBUG --\u003E\n\u003C!-- THEME HOOK: \u0027container\u0027 --\u003E\n\u003C!-- \ud83d\udca1 BEGIN CUSTOM TEMPLATE OUTPUT from \u0027themes\/custom\/sub_noahs_theme\/templates\/form\/container.html.twig\u0027 --\u003E\n\u003Cdiv class=\u0022data-bank-indicator-title text-uppercase fs-5 fw-bold pb-2 mb-lg-0\u0022\u003E\u003Cp\u003EPrincipales resultados\u003C\/p\u003E\n\u003C\/div\u003E\n\n\u003C!-- END CUSTOM TEMPLATE OUTPUT from \u0027themes\/custom\/sub_noahs_theme\/templates\/form\/container.html.twig\u0027 --\u003E\n\n\n\n\u003C!-- THEME DEBUG --\u003E\n\u003C!-- THEME HOOK: \u0027container\u0027 --\u003E\n\u003C!-- \ud83d\udca1 BEGIN CUSTOM TEMPLATE OUTPUT from \u0027themes\/custom\/sub_noahs_theme\/templates\/form\/container.html.twig\u0027 --\u003E\n\u003Cdiv class=\u0022o-field-value mb-lg-0\u0022\u003E\u003Cp\u003EEl Censo portugu\u00e9s de 2021 identifica a 1.085.472 personas de 5 y m\u00e1s a\u00f1os con alguna discapacidad, lo que supone una prevalencia del 10,9%.\u003C\/p\u003E\u003Cp\u003ESe observa una mayor prevalencia de las situaciones de discapacidad en las mujeres (12,9%) que en los hombres (8,7%). La prevalencia se mantiene bastante estable hasta los 44 a\u00f1os para aumentar despu\u00e9s conforme lo hace la edad, hasta alcanzar el 61,1% entre los mayores de 85 a\u00f1os.\u0026nbsp;\u003C\/p\u003E\u003Cp\u003EEl perfil de discapacidad con mayor prevalencia es la discapacidad motriz (607.135 tienen mucha dificultad o no pueden caminar o subir escaleras, lo que supone el 6,1% del total de la poblaci\u00f3n de 5 y m\u00e1s a\u00f1os), seguida de la discapacidad para ver (352.129 personas, el 3,5% del total de la poblaci\u00f3n de 5 y m\u00e1s a\u00f1os) y de la discapacidad para recordar o concentrarse (340.187 personas, el 3,4% de la poblaci\u00f3n de 5 y m\u00e1s a\u00f1os).\u003C\/p\u003E\u003Cp\u003EEl desglose de la poblaci\u00f3n de 15 y m\u00e1s a\u00f1os seg\u00fan niveles de estudios muestra que la prevalencia de la discapacidad desciende significativamente conforme aumenta el nivel de estudios de la poblaci\u00f3n.\u003C\/p\u003E\u003Cp\u003ELa distribuci\u00f3n de la poblaci\u00f3n de 15 y m\u00e1s a\u00f1os por situaci\u00f3n de actividad muestra una mayor prevalencia de discapacidad entre las personas que forman parte de la poblaci\u00f3n no econ\u00f3micamente activa (21,3%) que entre aquellas que son poblaci\u00f3n activa (3,4%). Dentro de esta \u00faltima, la prevalencia es mayor en los desocupados (4,8%) que en los ocupados (3,3%).\u003C\/p\u003E\u003Cp\u003EPor zonas geogr\u00e1ficas, las mayores prevalencias de las situaciones de discapacidad se registran en las regiones de Centro y Alentejo (ambas con 12,3%), seguidas de la Regi\u00f3n Aut\u00f3noma de Madeira (11,4%) y el Norte (11,1%), mientras que las prevalencias m\u00e1s bajas se registran en el \u00c1rea Metropolitana de Lisboa (9,5%) y el Algarve (9,7%).\u003C\/p\u003E\u003C\/div\u003E\n\n\u003C!-- END CUSTOM TEMPLATE OUTPUT from \u0027themes\/custom\/sub_noahs_theme\/templates\/form\/container.html.twig\u0027 --\u003E\n\n\u003C\/div\u003E\n\n\u003C!-- END CUSTOM TEMPLATE OUTPUT from \u0027themes\/custom\/sub_noahs_theme\/templates\/form\/container.html.twig\u0027 --\u003E\n\n","settings":null,"effect":"fade","speed":"slow"}]