[{"command":"insert","method":"replaceWith","selector":"#indicator-content-ajax","data":"\n\n\u003C!-- THEME DEBUG --\u003E\n\u003C!-- THEME HOOK: \u0027container\u0027 --\u003E\n\u003C!-- \ud83d\udca1 BEGIN CUSTOM TEMPLATE OUTPUT from \u0027themes\/custom\/sub_noahs_theme\/templates\/form\/container.html.twig\u0027 --\u003E\n\u003Cdiv id=\u0022indicator-content-ajax\u0022 class=\u0022daba-bank-full-main  mb-lg-0\u0022\u003E\n\n\u003C!-- THEME DEBUG --\u003E\n\u003C!-- THEME HOOK: \u0027container\u0027 --\u003E\n\u003C!-- \ud83d\udca1 BEGIN CUSTOM TEMPLATE OUTPUT from \u0027themes\/custom\/sub_noahs_theme\/templates\/form\/container.html.twig\u0027 --\u003E\n\u003Cdiv class=\u0022data-bank-indicator-title text-uppercase fs-5 fw-bold pb-2 mb-lg-0\u0022\u003E\u003Cp\u003EPrincipales resultados\u003C\/p\u003E\n\u003C\/div\u003E\n\n\u003C!-- END CUSTOM TEMPLATE OUTPUT from \u0027themes\/custom\/sub_noahs_theme\/templates\/form\/container.html.twig\u0027 --\u003E\n\n\n\n\u003C!-- THEME DEBUG --\u003E\n\u003C!-- THEME HOOK: \u0027container\u0027 --\u003E\n\u003C!-- \ud83d\udca1 BEGIN CUSTOM TEMPLATE OUTPUT from \u0027themes\/custom\/sub_noahs_theme\/templates\/form\/container.html.twig\u0027 --\u003E\n\u003Cdiv class=\u0022o-field-value mb-lg-0\u0022\u003E\u003Cp\u003EDe acuerdo con el Censo 2021, en Portugal se registra una poblaci\u00f3n de 1.060.751 personas con discapacidad en edad de trabajar. El n\u00famero de personas con discapacidad activas (que tienen trabajan o est\u00e1n buscando empleo) asciende a 165.938. La tasa de actividad de esta poblaci\u00f3n se sit\u00faa en el 15,6%, muy por debajo de la registrada en la poblaci\u00f3n general, que presenta una tasa de actividad del 53,5%.\u003C\/p\u003E\u003Cp\u003ELas mujeres con discapacidad presentan una tasa de actividad considerablemente menor que la de los varones con discapacidad: 13,5% frente a 19,5%.\u003C\/p\u003E\u003Cp\u003EPor tipo de discapacidad, la mayor tasa de actividad se registra entre quienes tienen discapacidades de la visi\u00f3n (20,0%), y la menor, entre quienes tienen dificultades para comprender a otros o hacerse comprender (2,5%).\u003C\/p\u003E\u003Cp\u003EGeogr\u00e1ficamente, la mayor tasa de actividad de las personas con discapacidad se registra en la Regi\u00f3n Aut\u00f3noma de las Azores (18,9%) y el \u00c1rea Metropolitana de Lisboa (18,4%), y la m\u00e1s baja en el Alentejo (12,9%).\u003C\/p\u003E\u003C\/div\u003E\n\n\u003C!-- END CUSTOM TEMPLATE OUTPUT from \u0027themes\/custom\/sub_noahs_theme\/templates\/form\/container.html.twig\u0027 --\u003E\n\n\u003C\/div\u003E\n\n\u003C!-- END CUSTOM TEMPLATE OUTPUT from \u0027themes\/custom\/sub_noahs_theme\/templates\/form\/container.html.twig\u0027 --\u003E\n\n","settings":null,"effect":"fade","speed":"slow"}]