[{"command":"insert","method":"replaceWith","selector":"#indicator-content-ajax","data":"\n\n\u003C!-- THEME DEBUG --\u003E\n\u003C!-- THEME HOOK: \u0027container\u0027 --\u003E\n\u003C!-- \ud83d\udca1 BEGIN CUSTOM TEMPLATE OUTPUT from \u0027themes\/custom\/sub_noahs_theme\/templates\/form\/container.html.twig\u0027 --\u003E\n\u003Cdiv id=\u0022indicator-content-ajax\u0022 class=\u0022daba-bank-full-main  mb-lg-0\u0022\u003E\n\n\u003C!-- THEME DEBUG --\u003E\n\u003C!-- THEME HOOK: \u0027container\u0027 --\u003E\n\u003C!-- \ud83d\udca1 BEGIN CUSTOM TEMPLATE OUTPUT from \u0027themes\/custom\/sub_noahs_theme\/templates\/form\/container.html.twig\u0027 --\u003E\n\u003Cdiv class=\u0022data-bank-indicator-title text-uppercase fs-5 fw-bold pb-2 mb-lg-0\u0022\u003E\u003Cp\u003EPrincipales resultados\u003C\/p\u003E\n\u003C\/div\u003E\n\n\u003C!-- END CUSTOM TEMPLATE OUTPUT from \u0027themes\/custom\/sub_noahs_theme\/templates\/form\/container.html.twig\u0027 --\u003E\n\n\n\n\u003C!-- THEME DEBUG --\u003E\n\u003C!-- THEME HOOK: \u0027container\u0027 --\u003E\n\u003C!-- \ud83d\udca1 BEGIN CUSTOM TEMPLATE OUTPUT from \u0027themes\/custom\/sub_noahs_theme\/templates\/form\/container.html.twig\u0027 --\u003E\n\u003Cdiv class=\u0022o-field-value mb-lg-0\u0022\u003E\u003Cp\u003ESeg\u00fan el Censo 2021, la tasa de empleo de las personas con discapacidad en Portugal es del 13,9%, mientras que la tasa de empleo de la poblaci\u00f3n general se sit\u00faa en el 49,1%, lo que supone m\u00e1s de 35 puntos porcentuales de diferencia. Para valorar esta diferencia hay que tener en cuenta que la poblaci\u00f3n con discapacidad tiene una estructura por edades m\u00e1s envejecida, y que la tasa de empleo desciende dr\u00e1sticamente, tanto en las personas con discapacidad como en la poblaci\u00f3n total, a partir de los 65 a\u00f1os.\u0026nbsp;\u003C\/p\u003E\u003Cp\u003ELos datos por sexo muestran una tasa de empleo notoriamente m\u00e1s alta entre los hombres con discapacidad (17,5%) que entre las mujeres con discapacidad (11,9%).\u0026nbsp;\u003C\/p\u003E\u003Cp\u003EPor grupos de edad, la tasa de empleo de las personas con discapacidad m\u00e1s alta se registra entre los 45 y los 54 a\u00f1os, donde alcanza el 63,3%.\u0026nbsp;\u003C\/p\u003E\u003Cp\u003EPor tipo de discapacidad, la tasa de empleo m\u00e1s elevada corresponde a las personas con discapacidades de la visi\u00f3n (17,5%), mientras que la m\u00e1s baja se registra entre las personas con discapacidad para comprender y hacerse comprender (2,3%).\u0026nbsp;\u003C\/p\u003E\u003Cp\u003EGeogr\u00e1ficamente, las tasas de empleo de las personas con discapacidad m\u00e1s elevadas se registran en la Regi\u00f3n Aut\u00f3noma de las Azores (18,9%) y en el \u00c1rea Metropolitana de Lisboa (18,4%), mientras que las m\u00e1s bajas corresponden al Alentejo (12,9%) y el Centro (13,3%).\u003C\/p\u003E\u003C\/div\u003E\n\n\u003C!-- END CUSTOM TEMPLATE OUTPUT from \u0027themes\/custom\/sub_noahs_theme\/templates\/form\/container.html.twig\u0027 --\u003E\n\n\u003C\/div\u003E\n\n\u003C!-- END CUSTOM TEMPLATE OUTPUT from \u0027themes\/custom\/sub_noahs_theme\/templates\/form\/container.html.twig\u0027 --\u003E\n\n","settings":null,"effect":"fade","speed":"slow"}]