[{"command":"insert","method":"replaceWith","selector":"#indicator-content-ajax","data":"\n\n\u003C!-- THEME DEBUG --\u003E\n\u003C!-- THEME HOOK: \u0027container\u0027 --\u003E\n\u003C!-- \ud83d\udca1 BEGIN CUSTOM TEMPLATE OUTPUT from \u0027themes\/custom\/sub_noahs_theme\/templates\/form\/container.html.twig\u0027 --\u003E\n\u003Cdiv id=\u0022indicator-content-ajax\u0022 class=\u0022daba-bank-full-main  mb-lg-0\u0022\u003E\n\n\u003C!-- THEME DEBUG --\u003E\n\u003C!-- THEME HOOK: \u0027container\u0027 --\u003E\n\u003C!-- \ud83d\udca1 BEGIN CUSTOM TEMPLATE OUTPUT from \u0027themes\/custom\/sub_noahs_theme\/templates\/form\/container.html.twig\u0027 --\u003E\n\u003Cdiv class=\u0022data-bank-indicator-title text-uppercase fs-5 fw-bold pb-2 mb-lg-0\u0022\u003E\u003Cp\u003EPrincipales resultados\u003C\/p\u003E\n\u003C\/div\u003E\n\n\u003C!-- END CUSTOM TEMPLATE OUTPUT from \u0027themes\/custom\/sub_noahs_theme\/templates\/form\/container.html.twig\u0027 --\u003E\n\n\n\n\u003C!-- THEME DEBUG --\u003E\n\u003C!-- THEME HOOK: \u0027container\u0027 --\u003E\n\u003C!-- \ud83d\udca1 BEGIN CUSTOM TEMPLATE OUTPUT from \u0027themes\/custom\/sub_noahs_theme\/templates\/form\/container.html.twig\u0027 --\u003E\n\u003Cdiv class=\u0022o-field-value mb-lg-0\u0022\u003E\u003Cp\u003ESeg\u00fan el Censo 2021, la tasa de desempleo de las personas con discapacidad en Portugal es del 11,2%, m\u00e1s de tres puntos porcentuales por encima que la poblaci\u00f3n total (8,1%).\u0026nbsp;\u003C\/p\u003E\u003Cp\u003ELos datos por sexo muestran una tasa de desempleo m\u00e1s alta entre las mujeres con discapacidad (12,0%) que entre los hombres con discapacidad (10,3%).\u0026nbsp;\u003C\/p\u003E\u003Cp\u003EPor grupos de edad, la tasa de desempleo de las personas con discapacidad m\u00e1s alta se registra entre los 15 y los 24 a\u00f1os, donde alcanza el 24,0%.\u0026nbsp;\u003C\/p\u003E\u003Cp\u003EPor tipo de discapacidad, la tasa de desempleo m\u00e1s elevada corresponde a las personas con discapacidades de autocuidado (14,3%), mientras que la m\u00e1s baja se registra entre las personas con discapacidad para comprender y hacerse comprender (7,5%).\u0026nbsp;\u003C\/p\u003E\u003Cp\u003EGeogr\u00e1ficamente, las tasas de desempleo de las personas con discapacidad m\u00e1s elevadas se registran en el Algarve (14,3%) y la Regi\u00f3n Aut\u00f3noma de Madeira (14,1%), mientras que las m\u00e1s bajas corresponden al Centro (8,1%), la Regi\u00f3n Aut\u00f3noma de las Azores (8,2%) y el Alentejo (8,7%).\u003C\/p\u003E\u003C\/div\u003E\n\n\u003C!-- END CUSTOM TEMPLATE OUTPUT from \u0027themes\/custom\/sub_noahs_theme\/templates\/form\/container.html.twig\u0027 --\u003E\n\n\u003C\/div\u003E\n\n\u003C!-- END CUSTOM TEMPLATE OUTPUT from \u0027themes\/custom\/sub_noahs_theme\/templates\/form\/container.html.twig\u0027 --\u003E\n\n","settings":null,"effect":"fade","speed":"slow"}]