[{"command":"insert","method":"replaceWith","selector":"#indicator-content-ajax","data":"\n\n\u003C!-- THEME DEBUG --\u003E\n\u003C!-- THEME HOOK: \u0027container\u0027 --\u003E\n\u003C!-- \ud83d\udca1 BEGIN CUSTOM TEMPLATE OUTPUT from \u0027themes\/custom\/sub_noahs_theme\/templates\/form\/container.html.twig\u0027 --\u003E\n\u003Cdiv id=\u0022indicator-content-ajax\u0022 class=\u0022daba-bank-full-main  mb-lg-0\u0022\u003E\n\n\u003C!-- THEME DEBUG --\u003E\n\u003C!-- THEME HOOK: \u0027container\u0027 --\u003E\n\u003C!-- \ud83d\udca1 BEGIN CUSTOM TEMPLATE OUTPUT from \u0027themes\/custom\/sub_noahs_theme\/templates\/form\/container.html.twig\u0027 --\u003E\n\u003Cdiv class=\u0022data-bank-indicator-title text-uppercase fs-5 fw-bold pb-2 mb-lg-0\u0022\u003E\u003Cp\u003EDefinici\u00f3n y fuentes\u003C\/p\u003E\n\u003C\/div\u003E\n\n\u003C!-- END CUSTOM TEMPLATE OUTPUT from \u0027themes\/custom\/sub_noahs_theme\/templates\/form\/container.html.twig\u0027 --\u003E\n\n\n\n\u003C!-- THEME DEBUG --\u003E\n\u003C!-- THEME HOOK: \u0027container\u0027 --\u003E\n\u003C!-- \ud83d\udca1 BEGIN CUSTOM TEMPLATE OUTPUT from \u0027themes\/custom\/sub_noahs_theme\/templates\/form\/container.html.twig\u0027 --\u003E\n\u003Cdiv class=\u0022o-field-value mb-lg-0\u0022\u003E\u003Cp\u003ESe toma como referencia la poblaci\u00f3n de 15 a\u00f1os de la que se conoce el perfil ocupacional. Esta poblaci\u00f3n est\u00e1 compuesta por:\u003C\/p\u003E\u003Col\u003E\u003Cli\u003ELas personas que hab\u00edan trabajado la semana anterior al censo.\u003C\/li\u003E\u003Cli\u003ELas personas que, durante la semana anterior al censo: \u003C\/li\u003E\u003C\/ol\u003E\u003Cul\u003E\u003Cli\u003EParticiparon o ayudaron en actividades agropecuarias.\u003C\/li\u003E\u003Cli\u003E\u003Cspan\u003EElaboraron o ayudaron a elaborar productos alimenticios (tortillas, pan, tamales, o tostadas) para la venta.\u003C\/span\u003E\u003C\/li\u003E\u003Cli\u003E\u003Cspan\u003EElaboraron o ayudaron a elaborar art\u00edculos como sombreros, canastos, artesan\u00edas y muebles para la venta.\u003C\/span\u003E\u003C\/li\u003E\u003Cli\u003E\u003Cspan\u003EElaboraron o ayudaron a hilar, tejer o coser art\u00edculos para la venta.\u003C\/span\u003E\u003C\/li\u003E\u003Cli\u003EParticiparon o ayudaron\u003Cspan\u003E en actividades comerciales o de servicios.\u003C\/span\u003E\u003C\/li\u003E\u003C\/ul\u003E\u003Col start=\u00223\u0022\u003E\u003Cli\u003E\u003Cspan\u003ELas personas que durante la semana anterior a ser encuestadas estaban buscando trabajo y ya hab\u00edan trabajado antes.\u003C\/span\u003E\u003C\/li\u003E\u003C\/ol\u003E\u003Cp\u003ESe distinguen las siguientes \u003Cstrong\u003Ecategor\u00edas ocupacionales\u003C\/strong\u003E:\u003C\/p\u003E\u003Cul\u003E\u003Cli\u003E\u003Cstrong\u003EPatrona(o) empleador(a)\u003C\/strong\u003E\u003Cspan\u003E: Es la persona que dirige su propia empresa o negocio o ejerce por su cuenta una profesi\u00f3n u oficio utilizando uno o m\u00e1s empleados permanentes a cambio de una remuneraci\u00f3n monetaria o en especie.\u003C\/span\u003E\u003C\/li\u003E\u003Cli\u003E\u003Cstrong\u003ECuenta propia con loca\u003C\/strong\u003E\u003Cspan\u003El: Es la persona que administra su propio negocio, empresa o finca, sin tener trabajadores remunerados a cargo; y dispone de un local exclusivo, para desarrollar su actividad econ\u00f3mica, como un almac\u00e9n, un puesto fijo en el mercado, oficina, finca, taller, etc.\u003C\/span\u003E\u003C\/li\u003E\u003Cli\u003E\u003Cstrong\u003ECuenta propia sin local\u003C\/strong\u003E\u003Cspan\u003E: Es la persona que administra su propio negocio, sin tener trabajadores remunerados a cargo; y no tiene un lugar fijo y exclusivo para llevar a cabo su actividad econ\u00f3mica; y generalmente, lo hace en la calle o al aire libre, por ejemplo: vendedores ambulantes o callejeros, lustradores, etc.\u003C\/span\u003E\u003C\/li\u003E\u003Cli\u003E\u003Cstrong\u003EEmpleado(a) p\u00fablico(a)\u003C\/strong\u003E\u003Cspan\u003E: Es la persona que devenga un sueldo o salario con contrato escrito o nombramiento, en cualquier dependencia estatal, ya sea del Gobierno Central, de las municipalidades, universidad de San Carlos, o de las entidades descentralizadas, aut\u00f3nomas y semi-aut\u00f3nomas del Estado.\u003C\/span\u003E\u003C\/li\u003E\u003Cli\u003E\u003Cstrong\u003EEmpleado(a) privado(a)\u003C\/strong\u003E\u003Cspan\u003E: Es la persona que trabaja en relaci\u00f3n de dependencia para un patr\u00f3n, empresa, instituci\u00f3n o dependencia privada, regido por un contrato escrito o de palabra a cambio de un sueldo o salario.\u003C\/span\u003E\u003C\/li\u003E\u003Cli\u003E\u003Cstrong\u003EEmpleada(o) dom\u00e9stica (o)\u003C\/strong\u003E\u003Cspan\u003E: Se refiere al trabajador (a) que a cambio de un pago realiza labores como cocinar, planchar, limpiar la casa, cuidar ni\u00f1os, cuidar el jard\u00edn, chofer. etc.\u003C\/span\u003E\u003C\/li\u003E\u003Cli\u003E\u003Cstrong\u003EFamiliar no renumerado\u003C\/strong\u003E\u003Cspan\u003E: Es la persona que trabaja o ayuda al trabajo de alg\u00fan miembro del hogar o a otra persona, sin recibir pago en dinero o en especie.\u003C\/span\u003E\u003C\/li\u003E\u003C\/ul\u003E\u003Cp\u003E\u003Cspan\u003ELa poblaci\u00f3n de referencia se ha clasificado tambi\u00e9n por\u0026nbsp;\u003C\/span\u003E\u003Cstrong\u003Egrupo de ocupaci\u00f3n\u003C\/strong\u003E\u003Cspan\u003E, en las siguientes categor\u00edas:\u003C\/span\u003E\u003C\/p\u003E\u003Cul\u003E\u003Cli\u003EOcupaciones militares.\u003C\/li\u003E\u003Cli\u003EDirectores y gerentes.\u003C\/li\u003E\u003Cli\u003EProfesionales cient\u00edficos e intelectuales.\u003C\/li\u003E\u003Cli\u003ET\u00e9cnicos y profesionales de nivel medio.\u003C\/li\u003E\u003Cli\u003EPersonal de apoyo administrativo.\u003C\/li\u003E\u003Cli\u003ETrabajadores de los servicios y vendedores de comercios y mercados.\u003C\/li\u003E\u003Cli\u003EAgricultores y trabajadores calificados agropecuarios, forestales y pesqueros.\u003C\/li\u003E\u003Cli\u003EOficiales, operarios y artesanos de artes mec\u00e1nicas y de otros oficios.\u003C\/li\u003E\u003Cli\u003EOperadores de instalaciones y m\u00e1quinas y ensambladoras.\u003C\/li\u003E\u003Cli\u003EOcupaciones elementales.\u003C\/li\u003E\u003Cli\u003EOcupaci\u00f3n no especificada.\u003C\/li\u003E\u003C\/ul\u003E\u003Cp\u003ELa variable \u003Cstrong\u003Erama de actividad\u003C\/strong\u003E se ha categorizado como sigue:\u003C\/p\u003E\u003Cul\u003E\u003Cli\u003ESector Primario (agricultura, ganader\u00eda, caza y pesca, explotaci\u00f3n de minas y canteras).\u003C\/li\u003E\u003Cli\u003ESector Secundario (industrias manufactureras, construcci\u00f3n).\u003C\/li\u003E\u003Cli\u003ESector Terciario (electricidad, gas y agua, comercio, restaurantes y hoteles, transporte, almacenamiento y comunicaciones, finanzas, seguros, inmuebles, servicios comunales, sociales y personales).\u003C\/li\u003E\u003Cli\u003ERama de actividad econ\u00f3mica no especificada.\u003C\/li\u003E\u003C\/ul\u003E\u003Cp\u003E\u003Cstrong\u003EFuente\u003C\/strong\u003E:\u003C\/p\u003E\u003Cp\u003E\u003Cspan\u003EInstituto Nacional de Estad\u00edstica (INE- Guatemala). XII Censo Nacional de Poblaci\u00f3n y VII de Vivienda, 2018\u0026nbsp;\u0026nbsp;\u0026nbsp;\u0026nbsp;\u0026nbsp;\u0026nbsp;\u0026nbsp;\u0026nbsp;\u0026nbsp;\u0026nbsp;\u0026nbsp;\u0026nbsp;\u0026nbsp;\u0026nbsp;\u0026nbsp;\u0026nbsp;\u0026nbsp;\u0026nbsp;\u0026nbsp;\u0026nbsp;\u0026nbsp;\u0026nbsp;\u0026nbsp;\u0026nbsp;\u0026nbsp;\u0026nbsp;\u0026nbsp;\u0026nbsp;\u0026nbsp;\u0026nbsp;\u0026nbsp;\u0026nbsp;\u0026nbsp;\u0026nbsp;\u0026nbsp;\u0026nbsp;\u0026nbsp;\u0026nbsp;\u0026nbsp;\u0026nbsp;\u0026nbsp;\u0026nbsp;\u0026nbsp;\u0026nbsp;\u0026nbsp;\u0026nbsp;\u0026nbsp;\u0026nbsp;\u0026nbsp;\u0026nbsp;\u0026nbsp;\u0026nbsp;\u0026nbsp;\u0026nbsp;\u0026nbsp;\u0026nbsp;\u0026nbsp;\u0026nbsp;\u0026nbsp;\u0026nbsp;\u0026nbsp;\u0026nbsp;\u0026nbsp;\u0026nbsp;\u0026nbsp;\u0026nbsp;\u0026nbsp;\u0026nbsp;\u0026nbsp;\u0026nbsp;\u0026nbsp;\u0026nbsp;\u0026nbsp;\u0026nbsp;\u0026nbsp;\u0026nbsp;\u0026nbsp;\u0026nbsp;\u0026nbsp;\u0026nbsp;\u0026nbsp;\u0026nbsp;\u0026nbsp;\u0026nbsp;\u0026nbsp;\u0026nbsp;\u0026nbsp;\u0026nbsp;\u0026nbsp;\u0026nbsp;\u0026nbsp;\u0026nbsp;\u0026nbsp;\u0026nbsp;\u0026nbsp;\u0026nbsp;\u0026nbsp;\u0026nbsp;\u0026nbsp;\u0026nbsp;\u0026nbsp;\u0026nbsp;\u0026nbsp;\u0026nbsp;\u0026nbsp;\u0026nbsp;\u0026nbsp;\u0026nbsp;\u0026nbsp;\u0026nbsp;\u0026nbsp;\u0026nbsp;\u0026nbsp;\u0026nbsp;\u0026nbsp;\u0026nbsp;\u0026nbsp;\u0026nbsp;\u0026nbsp;\u0026nbsp;\u0026nbsp;\u0026nbsp;\u0026nbsp;\u0026nbsp;\u0026nbsp;\u0026nbsp;\u0026nbsp;\u0026nbsp;\u0026nbsp;\u0026nbsp;\u0026nbsp;\u0026nbsp;\u0026nbsp;\u0026nbsp;\u0026nbsp;\u0026nbsp;\u0026nbsp;\u0026nbsp;\u0026nbsp;\u0026nbsp;\u0026nbsp;\u0026nbsp;\u0026nbsp;\u0026nbsp;\u0026nbsp;\u0026nbsp;\u003C\/span\u003E\u003C\/p\u003E\u003Cp\u003E\u003Cstrong\u003EMetodolog\u00eda\u003C\/strong\u003E:\u003C\/p\u003E\u003Cp\u003EElaboraci\u00f3n propia a partir de los microdatos publicados para uso estad\u00edstico.\u003Cspan\u003E\u0026nbsp;\u0026nbsp;\u0026nbsp;\u0026nbsp;\u0026nbsp;\u0026nbsp;\u0026nbsp;\u0026nbsp;\u0026nbsp;\u0026nbsp;\u0026nbsp;\u0026nbsp;\u003C\/span\u003E\u003C\/p\u003E\u003C\/div\u003E\n\n\u003C!-- END CUSTOM TEMPLATE OUTPUT from \u0027themes\/custom\/sub_noahs_theme\/templates\/form\/container.html.twig\u0027 --\u003E\n\n\u003C\/div\u003E\n\n\u003C!-- END CUSTOM TEMPLATE OUTPUT from \u0027themes\/custom\/sub_noahs_theme\/templates\/form\/container.html.twig\u0027 --\u003E\n\n","settings":null,"effect":"fade","speed":"slow"}]