[{"command":"insert","method":"replaceWith","selector":"#indicator-content-ajax","data":"\n\n\u003C!-- THEME DEBUG --\u003E\n\u003C!-- THEME HOOK: \u0027container\u0027 --\u003E\n\u003C!-- \ud83d\udca1 BEGIN CUSTOM TEMPLATE OUTPUT from \u0027themes\/custom\/sub_noahs_theme\/templates\/form\/container.html.twig\u0027 --\u003E\n\u003Cdiv id=\u0022indicator-content-ajax\u0022 class=\u0022daba-bank-full-main  mb-lg-0\u0022\u003E\n\n\u003C!-- THEME DEBUG --\u003E\n\u003C!-- THEME HOOK: \u0027container\u0027 --\u003E\n\u003C!-- \ud83d\udca1 BEGIN CUSTOM TEMPLATE OUTPUT from \u0027themes\/custom\/sub_noahs_theme\/templates\/form\/container.html.twig\u0027 --\u003E\n\u003Cdiv class=\u0022data-bank-indicator-title text-uppercase fs-5 fw-bold pb-2 mb-lg-0\u0022\u003E\u003Cp\u003EPrincipales resultados\u003C\/p\u003E\n\u003C\/div\u003E\n\n\u003C!-- END CUSTOM TEMPLATE OUTPUT from \u0027themes\/custom\/sub_noahs_theme\/templates\/form\/container.html.twig\u0027 --\u003E\n\n\n\n\u003C!-- THEME DEBUG --\u003E\n\u003C!-- THEME HOOK: \u0027container\u0027 --\u003E\n\u003C!-- \ud83d\udca1 BEGIN CUSTOM TEMPLATE OUTPUT from \u0027themes\/custom\/sub_noahs_theme\/templates\/form\/container.html.twig\u0027 --\u003E\n\u003Cdiv class=\u0022o-field-value mb-lg-0\u0022\u003E\u003Cp\u003ESeg\u00fan el CENSO 2018 de Guatemala, el 41,5% de la poblaci\u00f3n ocupada de 15 a\u00f1os o m\u00e1s, o que busc\u00f3 trabajo y trabaj\u00f3 antes, lo hizo como empleado del sector privado. Este porcentaje disminuye al considerar a las personas con alguna dificultad (34,7%) y a aquellas con discapacidad (33,3%).\u003C\/p\u003E\u003Cp\u003ELa segunda categor\u00eda ocupacional corresponde al trabajo por cuenta propia, con o sin local. En este caso, las personas con dificultad (39,5%) y con discapacidad (40,9%) presentan porcentajes superiores al de la poblaci\u00f3n total (32,2%).\u003C\/p\u003E\u003Cp\u003EA mucha distancia, como tercera categor\u00eda ocupacional se encuentra el empleo p\u00fablico. Este representa el 7,7% entre las personas con alguna dificultad, el 7,6% en la poblaci\u00f3n total y el 6,2% entre las personas con discapacidad.\u003C\/p\u003E\u003Cp\u003EPor otra parte, el 26,4% de la poblaci\u00f3n ocupada o que busc\u00f3 y trabaj\u00f3 antes se concentr\u00f3 en ocupaciones elementales. 24,9% en el caso de las personas con alguna discapacidad y un 28,1% en aquellas con discapacidad. En segundo lugar, destacan los trabajadores de los servicios y los vendedores en comercios y mercados, con una participaci\u00f3n del 17,9% en la poblaci\u00f3n total, 17,4% entre quienes presentan alguna dificultad y 17,0% entre las personas con discapacidad.\u003C\/p\u003E\u003Cp\u003ELes siguen los oficiales, operarios y artesanos de artes mec\u00e1nicas y otros oficios, con porcentajes del 14,6% en la poblaci\u00f3n total, 14,1% entre personas con dificultad y 14,3% entre quienes tienen discapacidad.\u003C\/p\u003E\u003Cp\u003EPor rama de actividad, los datos apuntan que el 50,5% de la poblaci\u00f3n ocupada o que busc\u00f3 y trabaj\u00f3 antes, se desempe\u00f1a en el sector terciario. Este porcentaje asciende al 51,2% entre la poblaci\u00f3n con alguna dificultad y en el 47,2% en aquella con discapacidad. La agricultura, ganader\u00eda, caza y pesca concentra tambi\u00e9n un porcentaje significativo de personas trabajadoras. En la poblaci\u00f3n ocupada, este sector supone el 28%; mientras que entre las personas con alguna dificultad alcanza el 28,4% y entre quienes tienen discapacidad, el 30,7%.\u003C\/p\u003E\u003C\/div\u003E\n\n\u003C!-- END CUSTOM TEMPLATE OUTPUT from \u0027themes\/custom\/sub_noahs_theme\/templates\/form\/container.html.twig\u0027 --\u003E\n\n\u003C\/div\u003E\n\n\u003C!-- END CUSTOM TEMPLATE OUTPUT from \u0027themes\/custom\/sub_noahs_theme\/templates\/form\/container.html.twig\u0027 --\u003E\n\n","settings":null,"effect":"fade","speed":"slow"}]