[{"command":"insert","method":"replaceWith","selector":"#indicator-content-ajax","data":"\n\n\u003C!-- THEME DEBUG --\u003E\n\u003C!-- THEME HOOK: \u0027container\u0027 --\u003E\n\u003C!-- \ud83d\udca1 BEGIN CUSTOM TEMPLATE OUTPUT from \u0027themes\/custom\/sub_noahs_theme\/templates\/form\/container.html.twig\u0027 --\u003E\n\u003Cdiv id=\u0022indicator-content-ajax\u0022 class=\u0022daba-bank-full-main  mb-lg-0\u0022\u003E\n\n\u003C!-- THEME DEBUG --\u003E\n\u003C!-- THEME HOOK: \u0027container\u0027 --\u003E\n\u003C!-- \ud83d\udca1 BEGIN CUSTOM TEMPLATE OUTPUT from \u0027themes\/custom\/sub_noahs_theme\/templates\/form\/container.html.twig\u0027 --\u003E\n\u003Cdiv class=\u0022data-bank-indicator-title text-uppercase fs-5 fw-bold pb-2 mb-lg-0\u0022\u003E\u003Cp\u003EDefinici\u00f3n y fuentes\u003C\/p\u003E\n\u003C\/div\u003E\n\n\u003C!-- END CUSTOM TEMPLATE OUTPUT from \u0027themes\/custom\/sub_noahs_theme\/templates\/form\/container.html.twig\u0027 --\u003E\n\n\n\n\u003C!-- THEME DEBUG --\u003E\n\u003C!-- THEME HOOK: \u0027container\u0027 --\u003E\n\u003C!-- \ud83d\udca1 BEGIN CUSTOM TEMPLATE OUTPUT from \u0027themes\/custom\/sub_noahs_theme\/templates\/form\/container.html.twig\u0027 --\u003E\n\u003Cdiv class=\u0022o-field-value mb-lg-0\u0022\u003E\u003Cp\u003ELa ENDIS 2003 tambi\u00e9n aporta informaci\u00f3n sobre el perfil ocupacional de las personas con discapacidad ocupadas. En concreto, las siguientes variables:\u003C\/p\u003E\u003Cp\u003EEl \u003Cstrong\u003Egrupo de ocupaci\u00f3n\u003C\/strong\u003E, con las siguientes categor\u00edas:\u003C\/p\u003E\u003Cul\u003E\u003Cli\u003EMiembros del poder ejecutivo y de los cuerpos legislativos y personal directivo de la administraci\u00f3n p\u00fablica y de empresa\u003C\/li\u003E\u003Cli\u003EProfesionales, cient\u00edficos e intelectuales\u003C\/li\u003E\u003Cli\u003ET\u00e9cnicos y profesionales de nivel medio\u003C\/li\u003E\u003Cli\u003EEmpleados de oficina\u003C\/li\u003E\u003Cli\u003ETrabajadores de los servicios y vendedores de comercios y mercados\u003C\/li\u003E\u003Cli\u003EAgricultores y trabajadores calificados agropecuarios y pesqueros:\u003C\/li\u003E\u003Cli\u003EOficiales, operarios y artesanos de artes mec\u00e1nicas y otros oficios\u003C\/li\u003E\u003Cli\u003EOperadores de instalaciones, m\u00e1quinas y montadores\u003C\/li\u003E\u003Cli\u003ETrabajadores no calificados\u003C\/li\u003E\u003Cli\u003EMiembros de las Fuerzas Armadas\u003C\/li\u003E\u003C\/ul\u003E\u003Cp\u003ELa \u003Cstrong\u003Erama de actividad\u003C\/strong\u003E, con las siguientes categor\u00edas:\u003C\/p\u003E\u003Cul\u003E\u003Cli\u003EAgricultura\u003C\/li\u003E\u003Cli\u003ESilvicultura\u003C\/li\u003E\u003Cli\u003EPesca\u003C\/li\u003E\u003Cli\u003EMinas y Canteras\u003C\/li\u003E\u003Cli\u003EIndustria manufacturera\u003C\/li\u003E\u003Cli\u003EElectricidad, gas y agua\u003C\/li\u003E\u003Cli\u003EConstrucci\u00f3n\u003C\/li\u003E\u003Cli\u003EComercio, Hoteles y Restaurantes\u003C\/li\u003E\u003Cli\u003ETransporte, almacenamiento y comunicaciones\u003C\/li\u003E\u003Cli\u003EEstablecimientos Financieros\u003C\/li\u003E\u003Cli\u003EServicios Comunales, Sociales y personales\u003C\/li\u003E\u003C\/ul\u003E\u003Cp\u003ELa \u003Cstrong\u003Ecategor\u00eda ocupacional\u003C\/strong\u003E, con la siguiente desagregaci\u00f3n:\u003C\/p\u003E\u003Cul\u003E\u003Cli\u003EAsalariado\u003C\/li\u003E\u003Cli\u003ECuenta Propia\u003C\/li\u003E\u003Cli\u003EPatr\u00f3n\u003C\/li\u003E\u003Cli\u003ETrabajador sin Pago\u003C\/li\u003E\u003Cli\u003EMiembro de Cooperativa\u003C\/li\u003E\u003Cli\u003EOtro\u0026nbsp;\u003C\/li\u003E\u003C\/ul\u003E\u003Cp\u003ELos datos referidos a poblaci\u00f3n con discapacidad proceden de la Encuesta Nicarag\u00fcense para personas con discapacidad (ENDIS 2003). Los referidos a la poblaci\u00f3n total proceden de la Encuesta Nicarag\u00fcense de Demograf\u00eda y Salud (ENDESA 2001).\u003C\/p\u003E\u003Cp\u003E\u003Cstrong\u003EFuentes\u003C\/strong\u003E:\u003C\/p\u003E\u003Cp\u003EEncuesta Nicarag\u00fcense para personas con discapacidad (ENDIS 2003).\u003Cbr\u003EEncuesta Nicarag\u00fcense de Demograf\u00eda y Salud (ENDESA 2001).\u003C\/p\u003E\u003Cp\u003E\u003Cstrong\u003EMetodolog\u00eda\u003C\/strong\u003E:\u003C\/p\u003E\u003Cp\u003EElaboraci\u00f3n propia a partir de lla informaci\u00f3n publicada.\u003Cspan\u003E\u0026nbsp;\u0026nbsp;\u0026nbsp;\u0026nbsp;\u0026nbsp;\u0026nbsp;\u0026nbsp;\u0026nbsp;\u0026nbsp;\u0026nbsp;\u0026nbsp;\u0026nbsp;\u003C\/span\u003E\u003C\/p\u003E\u003C\/div\u003E\n\n\u003C!-- END CUSTOM TEMPLATE OUTPUT from \u0027themes\/custom\/sub_noahs_theme\/templates\/form\/container.html.twig\u0027 --\u003E\n\n\u003C\/div\u003E\n\n\u003C!-- END CUSTOM TEMPLATE OUTPUT from \u0027themes\/custom\/sub_noahs_theme\/templates\/form\/container.html.twig\u0027 --\u003E\n\n","settings":null,"effect":"fade","speed":"slow"}]