[{"command":"insert","method":"replaceWith","selector":"#indicator-content-ajax","data":"\n\n\u003C!-- THEME DEBUG --\u003E\n\u003C!-- THEME HOOK: \u0027container\u0027 --\u003E\n\u003C!-- \ud83d\udca1 BEGIN CUSTOM TEMPLATE OUTPUT from \u0027themes\/custom\/sub_noahs_theme\/templates\/form\/container.html.twig\u0027 --\u003E\n\u003Cdiv id=\u0022indicator-content-ajax\u0022 class=\u0022daba-bank-full-main  mb-lg-0\u0022\u003E\n\n\u003C!-- THEME DEBUG --\u003E\n\u003C!-- THEME HOOK: \u0027container\u0027 --\u003E\n\u003C!-- \ud83d\udca1 BEGIN CUSTOM TEMPLATE OUTPUT from \u0027themes\/custom\/sub_noahs_theme\/templates\/form\/container.html.twig\u0027 --\u003E\n\u003Cdiv class=\u0022data-bank-indicator-title text-uppercase fs-5 fw-bold pb-2 mb-lg-0\u0022\u003E\u003Cp\u003EPrincipales resultados\u003C\/p\u003E\n\u003C\/div\u003E\n\n\u003C!-- END CUSTOM TEMPLATE OUTPUT from \u0027themes\/custom\/sub_noahs_theme\/templates\/form\/container.html.twig\u0027 --\u003E\n\n\n\n\u003C!-- THEME DEBUG --\u003E\n\u003C!-- THEME HOOK: \u0027container\u0027 --\u003E\n\u003C!-- \ud83d\udca1 BEGIN CUSTOM TEMPLATE OUTPUT from \u0027themes\/custom\/sub_noahs_theme\/templates\/form\/container.html.twig\u0027 --\u003E\n\u003Cdiv class=\u0022o-field-value mb-lg-0\u0022\u003E\u003Cp\u003EEn comparaci\u00f3n con la poblaci\u00f3n total, se observa una mayor proporci\u00f3n de agricultores, trabajadores agropecuarios y trabajadores no calificados entre las personas con discapacidad. En contraste, no se registra ninguna persona con discapacidad en la categor\u00eda de \u201cprofesionales, cient\u00edficos e intelectuales\u201d, lo que muestra una marcada concentraci\u00f3n en ocupaciones de baja calificaci\u00f3n.\u003C\/p\u003E\u003Cp\u003ERespecto a la rama de actividad, los datos muestran una participaci\u00f3n muy similar a la de la poblaci\u00f3n total en los distintos sectores econ\u00f3micos. En el sector primario (agricultura, pesca y silvicultura), la poblaci\u00f3n total alcanza un 33,8%, mientras que la poblaci\u00f3n con discapacidad registra un 32,5%.\u003C\/p\u003E\u003Cp\u003EEn el sector secundario (industria y construcci\u00f3n), la participaci\u00f3n de las personas con discapacidad es ligeramente mayor (16,1%) frente al 15% de la poblaci\u00f3n total. Finalmente, en el sector terciario (comercio y servicios), se observa una representaci\u00f3n m\u00e1s elevada de las personas con discapacidad (51,3%) respecto a la poblaci\u00f3n general (50%), lo que refleja una mayor concentraci\u00f3n en actividades vinculadas al comercio y los servicios.\u0026nbsp;\u003C\/p\u003E\u003Cp\u003EEn cuanto a la categor\u00eda ocupacional, el 51% de las personas con discapacidad trabaja por cuenta propia, en la poblaci\u00f3n general esta proporci\u00f3n es del 37,5%. En contraste, la proporci\u00f3n de asalariados es menor en este grupo (36,6%) en comparaci\u00f3n con el total de la poblaci\u00f3n (47,6%). Del mismo modo, la presencia de trabajadores sin remuneraci\u00f3n es m\u00e1s reducida entre las personas con discapacidad (7,4%) que en la poblaci\u00f3n general (11,4%).\u003C\/p\u003E\u003C\/div\u003E\n\n\u003C!-- END CUSTOM TEMPLATE OUTPUT from \u0027themes\/custom\/sub_noahs_theme\/templates\/form\/container.html.twig\u0027 --\u003E\n\n\u003C\/div\u003E\n\n\u003C!-- END CUSTOM TEMPLATE OUTPUT from \u0027themes\/custom\/sub_noahs_theme\/templates\/form\/container.html.twig\u0027 --\u003E\n\n","settings":null,"effect":"fade","speed":"slow"}]