[{"command":"insert","method":"replaceWith","selector":"#indicator-content-ajax","data":"\n\n\u003C!-- THEME DEBUG --\u003E\n\u003C!-- THEME HOOK: \u0027container\u0027 --\u003E\n\u003C!-- \ud83d\udca1 BEGIN CUSTOM TEMPLATE OUTPUT from \u0027themes\/custom\/sub_noahs_theme\/templates\/form\/container.html.twig\u0027 --\u003E\n\u003Cdiv id=\u0022indicator-content-ajax\u0022 class=\u0022daba-bank-full-main  mb-lg-0\u0022\u003E\n\n\u003C!-- THEME DEBUG --\u003E\n\u003C!-- THEME HOOK: \u0027container\u0027 --\u003E\n\u003C!-- \ud83d\udca1 BEGIN CUSTOM TEMPLATE OUTPUT from \u0027themes\/custom\/sub_noahs_theme\/templates\/form\/container.html.twig\u0027 --\u003E\n\u003Cdiv class=\u0022data-bank-indicator-title text-uppercase fs-5 fw-bold pb-2 mb-lg-0\u0022\u003E\u003Cp\u003EDefinici\u00f3n y fuentes\u003C\/p\u003E\n\u003C\/div\u003E\n\n\u003C!-- END CUSTOM TEMPLATE OUTPUT from \u0027themes\/custom\/sub_noahs_theme\/templates\/form\/container.html.twig\u0027 --\u003E\n\n\n\n\u003C!-- THEME DEBUG --\u003E\n\u003C!-- THEME HOOK: \u0027container\u0027 --\u003E\n\u003C!-- \ud83d\udca1 BEGIN CUSTOM TEMPLATE OUTPUT from \u0027themes\/custom\/sub_noahs_theme\/templates\/form\/container.html.twig\u0027 --\u003E\n\u003Cdiv class=\u0022o-field-value mb-lg-0\u0022\u003E\u003Cp\u003EDe acuerdo con la ENDIS 2003, las diferentes situaciones en que se puede encontrar la poblaci\u00f3n no econ\u00f3micamente activa son las siguientes:\u003C\/p\u003E\u003Cul\u003E\u003Cli\u003EPensionado\u003C\/li\u003E\u003Cli\u003EQuehaceres Dom\u00e9sticos\u003C\/li\u003E\u003Cli\u003EEstudiante\u003C\/li\u003E\u003Cli\u003EIncapacidad\u003C\/li\u003E\u003Cli\u003EAnciano\u003C\/li\u003E\u003C\/ul\u003E\u003Cp\u003ELos datos referidos a poblaci\u00f3n con discapacidad proceden de la Encuesta Nicarag\u00fcense para personas con discapacidad (ENDIS 2003). Los referidos a la poblaci\u00f3n total proceden de la Encuesta Nicarag\u00fcense de Demograf\u00eda y Salud (ENDESA 2001).\u003C\/p\u003E\u003Cp\u003E\u003Cstrong\u003EFuentes\u003C\/strong\u003E:\u003C\/p\u003E\u003Cp\u003EEncuesta Nicarag\u00fcense para personas con discapacidad (ENDIS 2003).\u003Cbr\u003EEncuesta Nicarag\u00fcense de Demograf\u00eda y Salud (ENDESA 2001).\u003C\/p\u003E\u003Cp\u003E\u003Cstrong\u003EMetodolog\u00eda\u003C\/strong\u003E:\u003C\/p\u003E\u003Cp\u003EElaboraci\u00f3n propia a partir de lla informaci\u00f3n publicada.\u003Cspan\u003E\u0026nbsp;\u0026nbsp;\u0026nbsp;\u0026nbsp;\u0026nbsp;\u0026nbsp;\u0026nbsp;\u0026nbsp;\u0026nbsp;\u0026nbsp;\u0026nbsp;\u0026nbsp;\u003C\/span\u003E\u003C\/p\u003E\u003C\/div\u003E\n\n\u003C!-- END CUSTOM TEMPLATE OUTPUT from \u0027themes\/custom\/sub_noahs_theme\/templates\/form\/container.html.twig\u0027 --\u003E\n\n\u003C\/div\u003E\n\n\u003C!-- END CUSTOM TEMPLATE OUTPUT from \u0027themes\/custom\/sub_noahs_theme\/templates\/form\/container.html.twig\u0027 --\u003E\n\n","settings":null,"effect":"fade","speed":"slow"}]