[{"command":"insert","method":"replaceWith","selector":"#indicator-content-ajax","data":"\n\n\u003C!-- THEME DEBUG --\u003E\n\u003C!-- THEME HOOK: \u0027container\u0027 --\u003E\n\u003C!-- \ud83d\udca1 BEGIN CUSTOM TEMPLATE OUTPUT from \u0027themes\/custom\/sub_noahs_theme\/templates\/form\/container.html.twig\u0027 --\u003E\n\u003Cdiv id=\u0022indicator-content-ajax\u0022 class=\u0022daba-bank-full-main  mb-lg-0\u0022\u003E\n\n\u003C!-- THEME DEBUG --\u003E\n\u003C!-- THEME HOOK: \u0027container\u0027 --\u003E\n\u003C!-- \ud83d\udca1 BEGIN CUSTOM TEMPLATE OUTPUT from \u0027themes\/custom\/sub_noahs_theme\/templates\/form\/container.html.twig\u0027 --\u003E\n\u003Cdiv class=\u0022data-bank-indicator-title text-uppercase fs-5 fw-bold pb-2 mb-lg-0\u0022\u003E\u003Cp\u003EDefinici\u00f3n y fuentes\u003C\/p\u003E\n\u003C\/div\u003E\n\n\u003C!-- END CUSTOM TEMPLATE OUTPUT from \u0027themes\/custom\/sub_noahs_theme\/templates\/form\/container.html.twig\u0027 --\u003E\n\n\n\n\u003C!-- THEME DEBUG --\u003E\n\u003C!-- THEME HOOK: \u0027container\u0027 --\u003E\n\u003C!-- \ud83d\udca1 BEGIN CUSTOM TEMPLATE OUTPUT from \u0027themes\/custom\/sub_noahs_theme\/templates\/form\/container.html.twig\u0027 --\u003E\n\u003Cdiv class=\u0022o-field-value mb-lg-0\u0022\u003E\u003Cp\u003ELa tasa de actividad representa la relaci\u00f3n entre la poblaci\u00f3n activa y el total de la poblaci\u00f3n de 14 y m\u00e1s a\u00f1os.\u0026nbsp;\u003C\/p\u003E\u003Cp\u003EXII Censo de Poblaci\u00f3n y VII de Vivienda (2017) considera como poblaci\u00f3n econ\u00f3micamente activa a las personas de 14 y m\u00e1s a\u00f1os de edad, que en la semana anterior al censo estaban en alguna de las siguientes situaciones:\u003C\/p\u003E\u003Cul\u003E\u003Cli\u003ETrabajando por alg\u00fan ingreso\u003C\/li\u003E\u003Cli\u003ENo trabaj\u00f3, pero ten\u00eda trabajo \u003C\/li\u003E\u003Cli\u003ENo trabaj\u00f3, pero ten\u00eda alg\u00fan negocio propio \u003C\/li\u003E\u003Cli\u003ERealiz\u00f3 alg\u00fan trabajo ocasional \u003C\/li\u003E\u003Cli\u003ERealiz\u00f3 labores en la chacra o en la crianza de animales \u003C\/li\u003E\u003Cli\u003EAyud\u00f3 a un familiar sin pago\u003C\/li\u003E\u003Cli\u003EEstuvo buscando trabajo\u003C\/li\u003E\u003C\/ul\u003E\u003Cp\u003ENOTA: El censo de 2017 fue \u201cde hecho\u201d, es decir, las personas fueron empadronadas en la vivienda o en el lugar donde se encontraban en el momento censal, independientemente de su residencia habitual. Por eso en la distribuci\u00f3n geogr\u00e1fica por lugar de residencia habitual algunas personas aparecen como residentes en el extranjero.\u003C\/p\u003E\u003Cp\u003E\u003Cstrong\u003EFuente\u003C\/strong\u003E:\u003C\/p\u003E\u003Cp\u003E\u003Cspan\u003EXII Censo de Poblaci\u00f3n y VII de Vivienda. 2017.\u0026nbsp;\u0026nbsp;\u0026nbsp;\u0026nbsp;\u0026nbsp;\u003C\/span\u003E\u003C\/p\u003E\u003Cp\u003E\u003Cstrong\u003EMetodolog\u00eda\u003C\/strong\u003E:\u003C\/p\u003E\u003Cp\u003EElaboraci\u00f3n propia a partir de consultas realizadas mediante la aplicaci\u00f3n REDATAM.\u0026nbsp;\u003C\/p\u003E\u003C\/div\u003E\n\n\u003C!-- END CUSTOM TEMPLATE OUTPUT from \u0027themes\/custom\/sub_noahs_theme\/templates\/form\/container.html.twig\u0027 --\u003E\n\n\u003C\/div\u003E\n\n\u003C!-- END CUSTOM TEMPLATE OUTPUT from \u0027themes\/custom\/sub_noahs_theme\/templates\/form\/container.html.twig\u0027 --\u003E\n\n","settings":null,"effect":"fade","speed":"slow"}]