[{"command":"insert","method":"replaceWith","selector":"#indicator-content-ajax","data":"\n\n\u003C!-- THEME DEBUG --\u003E\n\u003C!-- THEME HOOK: \u0027container\u0027 --\u003E\n\u003C!-- \ud83d\udca1 BEGIN CUSTOM TEMPLATE OUTPUT from \u0027themes\/custom\/sub_noahs_theme\/templates\/form\/container.html.twig\u0027 --\u003E\n\u003Cdiv id=\u0022indicator-content-ajax\u0022 class=\u0022daba-bank-full-main  mb-lg-0\u0022\u003E\n\n\u003C!-- THEME DEBUG --\u003E\n\u003C!-- THEME HOOK: \u0027container\u0027 --\u003E\n\u003C!-- \ud83d\udca1 BEGIN CUSTOM TEMPLATE OUTPUT from \u0027themes\/custom\/sub_noahs_theme\/templates\/form\/container.html.twig\u0027 --\u003E\n\u003Cdiv class=\u0022data-bank-indicator-title text-uppercase fs-5 fw-bold pb-2 mb-lg-0\u0022\u003E\u003Cp\u003EPrincipales resultados\u003C\/p\u003E\n\u003C\/div\u003E\n\n\u003C!-- END CUSTOM TEMPLATE OUTPUT from \u0027themes\/custom\/sub_noahs_theme\/templates\/form\/container.html.twig\u0027 --\u003E\n\n\n\n\u003C!-- THEME DEBUG --\u003E\n\u003C!-- THEME HOOK: \u0027container\u0027 --\u003E\n\u003C!-- \ud83d\udca1 BEGIN CUSTOM TEMPLATE OUTPUT from \u0027themes\/custom\/sub_noahs_theme\/templates\/form\/container.html.twig\u0027 --\u003E\n\u003Cdiv class=\u0022o-field-value mb-lg-0\u0022\u003E\u003Cp\u003ESeg\u00fan el XII Censo de Poblaci\u00f3n y VII de Vivienda (2017), la tasa de empleo de las personas con discapacidad en Per\u00fa es del 35,7%, mientras que la tasa de empleo de la poblaci\u00f3n general se sit\u00faa en el 55,6%, esto es, casi 20 puntos porcentuales m\u00e1s que las personas con discapacidad.\u003C\/p\u003E\u003Cp\u003ELos datos por sexo muestran una tasa de empleo notoriamente m\u00e1s alta entre los hombres con discapacidad (45,2%) que entre las mujeres con discapacidad (28,8%).\u0026nbsp;\u003C\/p\u003E\u003Cp\u003EPor grupos de edad, las tasas de empleo de las personas con discapacidad m\u00e1s altas se registran entre los 35 y los 54 a\u00f1os, donde se sit\u00faan entre el 55 y el 56%.\u0026nbsp;\u003C\/p\u003E\u003Cp\u003ESe observa una fuerte correlaci\u00f3n entre el nivel de estudios de las personas con discapacidad y la tasa de empleo, que alcanza su nivel m\u00e1s alto entre quienes han cursado una maestr\u00eda o doctorado (79,2%).\u0026nbsp;\u003C\/p\u003E\u003Cp\u003ELa mayor tasa de empleo de las personas con discapacidad se registra en el departamento de Moquegua (50,0%), y la menor en Amazonas (24,6%).\u003C\/p\u003E\u003C\/div\u003E\n\n\u003C!-- END CUSTOM TEMPLATE OUTPUT from \u0027themes\/custom\/sub_noahs_theme\/templates\/form\/container.html.twig\u0027 --\u003E\n\n\u003C\/div\u003E\n\n\u003C!-- END CUSTOM TEMPLATE OUTPUT from \u0027themes\/custom\/sub_noahs_theme\/templates\/form\/container.html.twig\u0027 --\u003E\n\n","settings":null,"effect":"fade","speed":"slow"}]