[{"command":"insert","method":"replaceWith","selector":"#indicator-content-ajax","data":"\n\n\u003C!-- THEME DEBUG --\u003E\n\u003C!-- THEME HOOK: \u0027container\u0027 --\u003E\n\u003C!-- \ud83d\udca1 BEGIN CUSTOM TEMPLATE OUTPUT from \u0027themes\/custom\/sub_noahs_theme\/templates\/form\/container.html.twig\u0027 --\u003E\n\u003Cdiv id=\u0022indicator-content-ajax\u0022 class=\u0022daba-bank-full-main  mb-lg-0\u0022\u003E\n\n\u003C!-- THEME DEBUG --\u003E\n\u003C!-- THEME HOOK: \u0027container\u0027 --\u003E\n\u003C!-- \ud83d\udca1 BEGIN CUSTOM TEMPLATE OUTPUT from \u0027themes\/custom\/sub_noahs_theme\/templates\/form\/container.html.twig\u0027 --\u003E\n\u003Cdiv class=\u0022data-bank-indicator-title text-uppercase fs-5 fw-bold pb-2 mb-lg-0\u0022\u003E\u003Cp\u003EDefinici\u00f3n y fuentes\u003C\/p\u003E\n\u003C\/div\u003E\n\n\u003C!-- END CUSTOM TEMPLATE OUTPUT from \u0027themes\/custom\/sub_noahs_theme\/templates\/form\/container.html.twig\u0027 --\u003E\n\n\n\n\u003C!-- THEME DEBUG --\u003E\n\u003C!-- THEME HOOK: \u0027container\u0027 --\u003E\n\u003C!-- \ud83d\udca1 BEGIN CUSTOM TEMPLATE OUTPUT from \u0027themes\/custom\/sub_noahs_theme\/templates\/form\/container.html.twig\u0027 --\u003E\n\u003Cdiv class=\u0022o-field-value mb-lg-0\u0022\u003E\u003Cp\u003EEl censo 2017 aporta los siguientes datos sobre el perfil ocupacional de la poblaci\u00f3n ocupada: ocupaci\u00f3n principal, rama de actividad y categor\u00eda ocupacional. En estas variables se distinguen las siguientes categor\u00edas:\u003C\/p\u003E\u003Cp\u003E\u003Cstrong\u003EOcupaci\u00f3n principal\u003C\/strong\u003E\u003C\/p\u003E\u003Cul\u003E\u003Cli\u003EMiembros del Poder Ejecutivo, Legislativo, Judicial y personal directivo de la administraci\u00f3n p\u00fablica y privada\u003C\/li\u003E\u003Cli\u003EProfesionales cient\u00edficos e intelectuales\u003C\/li\u003E\u003Cli\u003EProfesionales t\u00e9cnicos\u003C\/li\u003E\u003Cli\u003EJefes y empleados administrativos\u003C\/li\u003E\u003Cli\u003ETrabajadores de los servicios y vendedores de comercios y mercados\u003C\/li\u003E\u003Cli\u003EAgricultores y trabajadores calificados agropecuarios, forestales y pesqueros\u003C\/li\u003E\u003Cli\u003ETrabajadores de la construcci\u00f3n, edificaci\u00f3n, productos artesanales, electricidad y las telecomunicaciones\u003C\/li\u003E\u003Cli\u003EOperadores de maquinaria industrial, ensambladores y conductores de transporte\u003C\/li\u003E\u003Cli\u003EOcupaciones elementales\u003C\/li\u003E\u003Cli\u003EOcupaciones militares y policiales\u003C\/li\u003E\u003C\/ul\u003E\u003Cp\u003E\u003Cstrong\u003ERama de actividad\u0026nbsp;\u003C\/strong\u003E\u00bfA qu\u00e9 actividad se dedic\u00f3 el negocio?\u003C\/p\u003E\u003Col\u003E\u003Cli\u003EAgricultura, ganader\u00eda, silvicultura y pesca\u003C\/li\u003E\u003Cli\u003EExplotaci\u00f3n de minas y canteras\u003C\/li\u003E\u003Cli\u003EIndustrias manufactureras\u003C\/li\u003E\u003Cli\u003ESuministro de electricidad, gas, vapor y aire acondicionado\u003C\/li\u003E\u003Cli\u003ESuministro de agua; evacuaci\u00f3n de aguas residuales, gesti\u00f3n de desechos y descontaminaci\u00f3n\u003C\/li\u003E\u003Cli\u003EConstrucci\u00f3n\u003C\/li\u003E\u003Cli\u003EComercio al por mayor y al por menor; reparaci\u00f3n de veh\u00edculos automotores y motocicletas\u003C\/li\u003E\u003Cli\u003ETransporte y almacenamiento\u003C\/li\u003E\u003Cli\u003EActividades de alojamiento y de servicio de comidas\u003C\/li\u003E\u003Cli\u003EInformaci\u00f3n y comunicaciones\u003C\/li\u003E\u003Cli\u003EActividades financieras y de seguros\u003C\/li\u003E\u003Cli\u003EActividades inmobiliarias\u003C\/li\u003E\u003Cli\u003EActividades profesionales, cient\u00edficas y t\u00e9cnicas\u003C\/li\u003E\u003Cli\u003EActividades de servicios administrativos y de apoyo\u003C\/li\u003E\u003Cli\u003EAdministraci\u00f3n p\u00fablica y defensa; planes de seguridad social de afiliaci\u00f3n obligatoria\u003C\/li\u003E\u003Cli\u003EEnse\u00f1anza\u003C\/li\u003E\u003Cli\u003EActividades de atenci\u00f3n de la salud humana y de asistencia social\u003C\/li\u003E\u003Cli\u003EActividades art\u00edsticas, de entretenimiento y recreativas\u003C\/li\u003E\u003Cli\u003EOtras actividades de servicios\u003C\/li\u003E\u003Cli\u003EActividades de los hogares como empleadores; actividades no diferenciadas de los hogares como productores de bienes y servicios para uso propio\u003C\/li\u003E\u003Cli\u003EActividades de organizaciones y \u00f3rganos extraterritoriales\u003C\/li\u003E\u003C\/ol\u003E\u003Cp\u003E\u003Cstrong\u003ECategor\u00eda ocupacional \u003C\/strong\u003E(En su centro de trabajo se desempe\u00f1\u00f3 como)\u003C\/p\u003E\u003Cul\u003E\u003Cli\u003EEmpleador(a) o patrono(a)\u003C\/li\u003E\u003Cli\u003ETrabajador(a) independiente o por cuenta propia\u003C\/li\u003E\u003Cli\u003EEmpleado(a)\u003C\/li\u003E\u003Cli\u003EObrero(a)\u003C\/li\u003E\u003Cli\u003ETrabajador(a) en negocio de un familiar\u003C\/li\u003E\u003Cli\u003ETrabajador(a) del hogar\u003C\/li\u003E\u003C\/ul\u003E\u003Cp\u003ENOTA: El censo de 2017 fue \u201cde hecho\u201d, es decir, las personas fueron empadronadas en la vivienda o en el lugar donde se encontraban en el momento censal, independientemente de su residencia habitual. Por eso en la distribuci\u00f3n geogr\u00e1fica por lugar de residencia habitual algunas personas aparecen como residentes en el extranjero.\u003C\/p\u003E\u003Cp\u003E\u003Cstrong\u003EFuente\u003C\/strong\u003E:\u003C\/p\u003E\u003Cp\u003E\u003Cspan\u003EXII Censo de Poblaci\u00f3n y VII de Vivienda. 2017.\u0026nbsp;\u0026nbsp;\u0026nbsp;\u0026nbsp;\u0026nbsp;\u003C\/span\u003E\u003C\/p\u003E\u003Cp\u003E\u003Cstrong\u003EMetodolog\u00eda\u003C\/strong\u003E:\u003C\/p\u003E\u003Cp\u003EElaboraci\u00f3n propia a partir de consultas realizadas mediante la aplicaci\u00f3n REDATAM.\u0026nbsp;\u003C\/p\u003E\u003C\/div\u003E\n\n\u003C!-- END CUSTOM TEMPLATE OUTPUT from \u0027themes\/custom\/sub_noahs_theme\/templates\/form\/container.html.twig\u0027 --\u003E\n\n\u003C\/div\u003E\n\n\u003C!-- END CUSTOM TEMPLATE OUTPUT from \u0027themes\/custom\/sub_noahs_theme\/templates\/form\/container.html.twig\u0027 --\u003E\n\n","settings":null,"effect":"fade","speed":"slow"}]