[{"command":"add_css","data":[{"rel":"stylesheet","media":"all","href":"\/modules\/contrib\/paragraphs\/css\/paragraphs.unpublished.css?tdzxgi"},{"rel":"stylesheet","media":"all","href":"\/themes\/custom\/bootstrap_barrio\/css\/components\/node.css?tdzxgi"}]},{"command":"insert","method":"replaceWith","selector":"#indicator-content-ajax","data":"\n\n\u003C!-- THEME DEBUG --\u003E\n\u003C!-- THEME HOOK: \u0027container\u0027 --\u003E\n\u003C!-- \ud83d\udca1 BEGIN CUSTOM TEMPLATE OUTPUT from \u0027themes\/custom\/sub_noahs_theme\/templates\/form\/container.html.twig\u0027 --\u003E\n\u003Cdiv id=\u0022indicator-content-ajax\u0022 class=\u0022daba-bank-full-main  mb-lg-0\u0022\u003E\n\n\u003C!-- THEME DEBUG --\u003E\n\u003C!-- THEME HOOK: \u0027container\u0027 --\u003E\n\u003C!-- \ud83d\udca1 BEGIN CUSTOM TEMPLATE OUTPUT from \u0027themes\/custom\/sub_noahs_theme\/templates\/form\/container.html.twig\u0027 --\u003E\n\u003Cdiv class=\u0022data-bank-indicator-title text-uppercase fs-5 fw-bold pb-2 mb-lg-0\u0022\u003E\u003Cp\u003E\u00daltimo dato\u003C\/p\u003E\n\u003C\/div\u003E\n\n\u003C!-- END CUSTOM TEMPLATE OUTPUT from \u0027themes\/custom\/sub_noahs_theme\/templates\/form\/container.html.twig\u0027 --\u003E\n\n\n\n\u003C!-- THEME DEBUG --\u003E\n\u003C!-- THEME HOOK: \u0027container\u0027 --\u003E\n\u003C!-- \ud83d\udca1 BEGIN CUSTOM TEMPLATE OUTPUT from \u0027themes\/custom\/sub_noahs_theme\/templates\/form\/container.html.twig\u0027 --\u003E\n\u003Cdiv class=\u0022o-field-value mb-lg-0\u0022\u003E\n\n\u003C!-- THEME DEBUG --\u003E\n\u003C!-- THEME HOOK: \u0027node\u0027 --\u003E\n\u003C!-- FILE NAME SUGGESTIONS:\n   \u25aa\ufe0f node--2495--teaser.html.twig\n   \u25aa\ufe0f node--2495.html.twig\n   \u25aa\ufe0f node--data-sample--teaser.html.twig\n   \u2705 node--data-sample.html.twig\n   \u25aa\ufe0f node--teaser.html.twig\n   \u25aa\ufe0f node.html.twig\n--\u003E\n\u003C!-- \ud83d\udca1 BEGIN CUSTOM TEMPLATE OUTPUT from \u0027themes\/custom\/sub_noahs_theme\/templates\/content\/node--data-sample.html.twig\u0027 --\u003E\n\n\n\u003Carticle class=\u0022node node--type-data-sample node--view-mode-teaser clearfix\u0022\u003E\n    \u003Cdiv class=\u0022node__content clearfix m-0\u0022\u003E\n        \n\n\u003C!-- THEME DEBUG --\u003E\n\u003C!-- THEME HOOK: \u0027container\u0027 --\u003E\n\u003C!-- \ud83d\udca1 BEGIN CUSTOM TEMPLATE OUTPUT from \u0027themes\/custom\/sub_noahs_theme\/templates\/form\/container.html.twig\u0027 --\u003E\n\u003Cdiv class=\u0022field field--name-field-title field--type-string field--label-hidden field__item teaser-title text-primary pb-3 mb-lg-0\u0022\u003E\u003Ca href=\u0022\/datos\/peru-perfil-ocupacional-de-la-poblacion-con-discapacidad-ultimo-dato-censo-2017\u0022\u003EPer\u00fa. Perfil ocupacional de la poblaci\u00f3n con discapacidad. \u00daltimo dato (Censo 2017)\u003C\/a\u003E\u003C\/div\u003E\n\n\u003C!-- END CUSTOM TEMPLATE OUTPUT from \u0027themes\/custom\/sub_noahs_theme\/templates\/form\/container.html.twig\u0027 --\u003E\n\n\n\n\u003C!-- THEME DEBUG --\u003E\n\u003C!-- THEME HOOK: \u0027field\u0027 --\u003E\n\u003C!-- FILE NAME SUGGESTIONS:\n   \u25aa\ufe0f field--node--field-source-data--data-sample.html.twig\n   \u25aa\ufe0f field--node--field-source-data.html.twig\n   \u25aa\ufe0f field--node--data-sample.html.twig\n   \u25aa\ufe0f field--field-source-data.html.twig\n   \u25aa\ufe0f field--entity-reference-revisions.html.twig\n   \u2705 field.html.twig\n--\u003E\n\u003C!-- BEGIN OUTPUT from \u0027themes\/contrib\/noahs_builder_theme\/templates\/field\/field.html.twig\u0027 --\u003E\n\n            \u003Cdiv class=\u0022field field-field-source-data field-type-entity-reference-revisions field-label-hidden field-item\u0022\u003E\n\n\u003C!-- THEME DEBUG --\u003E\n\u003C!-- THEME HOOK: \u0027paragraph\u0027 --\u003E\n\u003C!-- FILE NAME SUGGESTIONS:\n   \u25aa\ufe0f paragraph--4634.html.twig\n   \u25aa\ufe0f paragraph--html--default.html.twig\n   \u25aa\ufe0f paragraph--html.html.twig\n   \u2705 paragraph--default.html.twig\n   \u25aa\ufe0f paragraph.html.twig\n--\u003E\n\u003C!-- \ud83d\udca1 BEGIN CUSTOM TEMPLATE OUTPUT from \u0027themes\/custom\/sub_noahs_theme\/templates\/paragraph\/paragraph--default.html.twig\u0027 --\u003E\n\n  \u003Cdiv class=\u0022paragraph paragraph--type--html paragraph--view-mode--default\u0022\u003E\n      \u003Cdiv class=\u0022container-fluid p-0\u0022\u003E\n          \n\n\u003C!-- THEME DEBUG --\u003E\n\u003C!-- THEME HOOK: \u0027field\u0027 --\u003E\n\u003C!-- FILE NAME SUGGESTIONS:\n   \u25aa\ufe0f field--paragraph--field-description--html.html.twig\n   \u25aa\ufe0f field--paragraph--field-description.html.twig\n   \u25aa\ufe0f field--paragraph--html.html.twig\n   \u25aa\ufe0f field--field-description.html.twig\n   \u25aa\ufe0f field--text-long.html.twig\n   \u2705 field.html.twig\n--\u003E\n\u003C!-- BEGIN OUTPUT from \u0027themes\/contrib\/noahs_builder_theme\/templates\/field\/field.html.twig\u0027 --\u003E\n\n            \u003Cdiv class=\u0022field field-field-description field-type-text-long field-label-hidden field-item\u0022\u003E\u003Cp\u003E\u003C\/p\u003E\n\u003Ctable border=\u00220\u0022 width=\u0022775\u0022 cellspacing=\u00220\u0022 cellpadding=\u00220\u0022\u003E\u003Ccolgroup\u003E\u003Ccol width=\u0022375\u0022 \/\u003E\u003Ccol span=\u00224\u0022 width=\u0022100\u0022 \/\u003E\u003C\/colgroup\u003E\n\u003Ctbody\u003E\n\u003Ctr\u003E\n\u003Ctd class=\u0022xl82\u0022 colspan=\u00225\u0022 width=\u0022775\u0022 height=\u002221\u0022\u003E\u003Cstrong\u003EPERFIL OCUPACIONAL DE LA POBLACI\u0026Oacute;N OCUPADA CON DISCAPACIDAD Y DE LA POBLACI\u0026Oacute;N OCUPADA TOTAL\u003C\/strong\u003E\u003C\/td\u003E\n\u003C\/tr\u003E\n\u003Ctr\u003E\n\u003Ctd class=\u0022xl81\u0022 rowspan=\u00222\u0022 width=\u0022375\u0022 height=\u0022101\u0022\u003E\u0026nbsp;\u003C\/td\u003E\n\u003Ctd class=\u0022xl69\u0022 style=\u0022text-align: center;\u0022 colspan=\u00222\u0022 width=\u0022200\u0022\u003EN\u0026Uacute;MEROS ABSOLUTOS\u003C\/td\u003E\n\u003Ctd class=\u0022xl69\u0022 style=\u0022text-align: center;\u0022 colspan=\u00222\u0022 width=\u0022200\u0022\u003EPORCENTAJES\u003C\/td\u003E\n\u003C\/tr\u003E\n\u003Ctr\u003E\n\u003Ctd class=\u0022xl69\u0022 style=\u0022text-align: center;\u0022 width=\u0022100\u0022 height=\u002280\u0022\u003EPoblaci\u0026oacute;n ocupada con discapacidad\u003C\/td\u003E\n\u003Ctd class=\u0022xl69\u0022 style=\u0022text-align: center;\u0022 width=\u0022100\u0022\u003EPoblaci\u0026oacute;n ocupada total\u003C\/td\u003E\n\u003Ctd class=\u0022xl69\u0022 style=\u0022text-align: center;\u0022 width=\u0022100\u0022\u003EPoblaci\u0026oacute;n ocupada con discapacidad (%)\u003C\/td\u003E\n\u003Ctd class=\u0022xl69\u0022 style=\u0022text-align: center;\u0022 width=\u0022100\u0022\u003EPoblaci\u0026oacute;n ocupada total (%)\u003C\/td\u003E\n\u003C\/tr\u003E\n\u003Ctr\u003E\n\u003Ctd class=\u0022xl79\u0022 colspan=\u00225\u0022 height=\u002221\u0022\u003E\u003Cstrong\u003EOCUPACI\u0026Oacute;N PRINCIPAL\u003C\/strong\u003E\u003C\/td\u003E\n\u003C\/tr\u003E\n\u003Ctr\u003E\n\u003Ctd class=\u0022xl75\u0022 width=\u0022375\u0022 height=\u002232\u0022\u003EMiembros del Poder Ejecutivo, Legislativo, Judicial y personal directivo de la administraci\u0026oacute;n p\u0026uacute;blica y privada\u003C\/td\u003E\n\u003Ctd class=\u0022xl73\u0022 style=\u0022text-align: right;\u0022\u003E\u0026nbsp;\u0026nbsp;\u0026nbsp;\u0026nbsp;\u0026nbsp;\u0026nbsp;\u0026nbsp;\u0026nbsp;\u0026nbsp;\u0026nbsp;\u0026nbsp;\u0026nbsp; 6.207\u003C\/td\u003E\n\u003Ctd class=\u0022xl73\u0022 style=\u0022text-align: right;\u0022\u003E\u0026nbsp;\u0026nbsp;\u0026nbsp;\u0026nbsp;\u0026nbsp;\u0026nbsp;\u0026nbsp;\u0026nbsp;\u0026nbsp;\u0026nbsp; 64.876\u003C\/td\u003E\n\u003Ctd class=\u0022xl74\u0022 style=\u0022text-align: right;\u0022 align=\u0022right\u0022\u003E0,6%\u003C\/td\u003E\n\u003Ctd class=\u0022xl74\u0022 style=\u0022text-align: right;\u0022 align=\u0022right\u0022\u003E0,5%\u003C\/td\u003E\n\u003C\/tr\u003E\n\u003Ctr\u003E\n\u003Ctd class=\u0022xl75\u0022 width=\u0022375\u0022 height=\u002221\u0022\u003EProfesionales cient\u0026iacute;ficos e intelectuales\u003C\/td\u003E\n\u003Ctd class=\u0022xl73\u0022 style=\u0022text-align: right;\u0022\u003E\u0026nbsp;\u0026nbsp;\u0026nbsp;\u0026nbsp;\u0026nbsp;\u0026nbsp;\u0026nbsp;\u0026nbsp; 148.884\u003C\/td\u003E\n\u003Ctd class=\u0022xl73\u0022 style=\u0022text-align: right;\u0022\u003E\u0026nbsp;\u0026nbsp;\u0026nbsp;\u0026nbsp;\u0026nbsp; 1.467.555\u003C\/td\u003E\n\u003Ctd class=\u0022xl74\u0022 style=\u0022text-align: right;\u0022 align=\u0022right\u0022\u003E15,2%\u003C\/td\u003E\n\u003Ctd class=\u0022xl74\u0022 style=\u0022text-align: right;\u0022 align=\u0022right\u0022\u003E11,9%\u003C\/td\u003E\n\u003C\/tr\u003E\n\u003Ctr\u003E\n\u003Ctd class=\u0022xl75\u0022 width=\u0022375\u0022 height=\u002221\u0022\u003EProfesionales t\u0026eacute;cnicos\u003C\/td\u003E\n\u003Ctd class=\u0022xl73\u0022 style=\u0022text-align: right;\u0022\u003E\u0026nbsp;\u0026nbsp;\u0026nbsp;\u0026nbsp;\u0026nbsp;\u0026nbsp;\u0026nbsp;\u0026nbsp;\u0026nbsp;\u0026nbsp; 80.024\u003C\/td\u003E\n\u003Ctd class=\u0022xl73\u0022 style=\u0022text-align: right;\u0022\u003E\u0026nbsp;\u0026nbsp;\u0026nbsp;\u0026nbsp;\u0026nbsp;\u0026nbsp;\u0026nbsp;\u0026nbsp; 969.722\u003C\/td\u003E\n\u003Ctd class=\u0022xl74\u0022 style=\u0022text-align: right;\u0022 align=\u0022right\u0022\u003E8,1%\u003C\/td\u003E\n\u003Ctd class=\u0022xl74\u0022 style=\u0022text-align: right;\u0022 align=\u0022right\u0022\u003E7,9%\u003C\/td\u003E\n\u003C\/tr\u003E\n\u003Ctr\u003E\n\u003Ctd class=\u0022xl75\u0022 width=\u0022375\u0022 height=\u002221\u0022\u003EJefes y empleados administrativos\u003C\/td\u003E\n\u003Ctd class=\u0022xl73\u0022 style=\u0022text-align: right;\u0022\u003E\u0026nbsp;\u0026nbsp;\u0026nbsp;\u0026nbsp;\u0026nbsp;\u0026nbsp;\u0026nbsp;\u0026nbsp;\u0026nbsp;\u0026nbsp; 13.662\u003C\/td\u003E\n\u003Ctd class=\u0022xl73\u0022 style=\u0022text-align: right;\u0022\u003E\u0026nbsp;\u0026nbsp;\u0026nbsp;\u0026nbsp;\u0026nbsp;\u0026nbsp;\u0026nbsp;\u0026nbsp; 825.335\u003C\/td\u003E\n\u003Ctd class=\u0022xl74\u0022 style=\u0022text-align: right;\u0022 align=\u0022right\u0022\u003E1,4%\u003C\/td\u003E\n\u003Ctd class=\u0022xl74\u0022 style=\u0022text-align: right;\u0022 align=\u0022right\u0022\u003E6,7%\u003C\/td\u003E\n\u003C\/tr\u003E\n\u003Ctr\u003E\n\u003Ctd class=\u0022xl75\u0022 width=\u0022375\u0022 height=\u002221\u0022\u003ETrabajadores de los servicios y vendedores de comercios y mercados\u003C\/td\u003E\n\u003Ctd class=\u0022xl73\u0022 style=\u0022text-align: right;\u0022\u003E\u0026nbsp;\u0026nbsp;\u0026nbsp;\u0026nbsp;\u0026nbsp;\u0026nbsp;\u0026nbsp;\u0026nbsp; 233.048\u003C\/td\u003E\n\u003Ctd class=\u0022xl73\u0022 style=\u0022text-align: right;\u0022\u003E\u0026nbsp;\u0026nbsp;\u0026nbsp;\u0026nbsp;\u0026nbsp; 2.458.503\u003C\/td\u003E\n\u003Ctd class=\u0022xl74\u0022 style=\u0022text-align: right;\u0022 align=\u0022right\u0022\u003E23,7%\u003C\/td\u003E\n\u003Ctd class=\u0022xl74\u0022 style=\u0022text-align: right;\u0022 align=\u0022right\u0022\u003E20,0%\u003C\/td\u003E\n\u003C\/tr\u003E\n\u003Ctr\u003E\n\u003Ctd class=\u0022xl75\u0022 width=\u0022375\u0022 height=\u002232\u0022\u003EAgricultores y trabajadores calificados agropecuarios, forestales y pesqueros\u003C\/td\u003E\n\u003Ctd class=\u0022xl73\u0022 style=\u0022text-align: right;\u0022\u003E\u0026nbsp;\u0026nbsp;\u0026nbsp;\u0026nbsp;\u0026nbsp;\u0026nbsp;\u0026nbsp;\u0026nbsp; 191.350\u003C\/td\u003E\n\u003Ctd class=\u0022xl73\u0022 style=\u0022text-align: right;\u0022\u003E\u0026nbsp;\u0026nbsp;\u0026nbsp;\u0026nbsp;\u0026nbsp; 1.504.072\u003C\/td\u003E\n\u003Ctd class=\u0022xl74\u0022 style=\u0022text-align: right;\u0022 align=\u0022right\u0022\u003E19,5%\u003C\/td\u003E\n\u003Ctd class=\u0022xl74\u0022 style=\u0022text-align: right;\u0022 align=\u0022right\u0022\u003E12,2%\u003C\/td\u003E\n\u003C\/tr\u003E\n\u003Ctr\u003E\n\u003Ctd class=\u0022xl75\u0022 width=\u0022375\u0022 height=\u002232\u0022\u003ETrabajadores de la construcci\u0026oacute;n, edificaci\u0026oacute;n, productos artesanales, electricidad y las telecomunicaciones\u003C\/td\u003E\n\u003Ctd class=\u0022xl73\u0022 style=\u0022text-align: right;\u0022\u003E\u0026nbsp;\u0026nbsp;\u0026nbsp;\u0026nbsp;\u0026nbsp;\u0026nbsp;\u0026nbsp;\u0026nbsp;\u0026nbsp;\u0026nbsp; 70.723\u003C\/td\u003E\n\u003Ctd class=\u0022xl73\u0022 style=\u0022text-align: right;\u0022\u003E\u0026nbsp;\u0026nbsp;\u0026nbsp;\u0026nbsp;\u0026nbsp; 1.450.275\u003C\/td\u003E\n\u003Ctd class=\u0022xl74\u0022 style=\u0022text-align: right;\u0022 align=\u0022right\u0022\u003E7,2%\u003C\/td\u003E\n\u003Ctd class=\u0022xl74\u0022 style=\u0022text-align: right;\u0022 align=\u0022right\u0022\u003E11,8%\u003C\/td\u003E\n\u003C\/tr\u003E\n\u003Ctr\u003E\n\u003Ctd class=\u0022xl75\u0022 width=\u0022375\u0022 height=\u002232\u0022\u003EOperadores de maquinaria industrial, ensambladores y conductores de transporte\u003C\/td\u003E\n\u003Ctd class=\u0022xl73\u0022 style=\u0022text-align: right;\u0022\u003E\u0026nbsp;\u0026nbsp;\u0026nbsp;\u0026nbsp;\u0026nbsp;\u0026nbsp;\u0026nbsp;\u0026nbsp;\u0026nbsp;\u0026nbsp;\u0026nbsp;\u0026nbsp; 2.595\u003C\/td\u003E\n\u003Ctd class=\u0022xl73\u0022 style=\u0022text-align: right;\u0022\u003E\u0026nbsp;\u0026nbsp;\u0026nbsp;\u0026nbsp;\u0026nbsp; 1.054.830\u003C\/td\u003E\n\u003Ctd class=\u0022xl74\u0022 style=\u0022text-align: right;\u0022 align=\u0022right\u0022\u003E0,3%\u003C\/td\u003E\n\u003Ctd class=\u0022xl74\u0022 style=\u0022text-align: right;\u0022 align=\u0022right\u0022\u003E8,6%\u003C\/td\u003E\n\u003C\/tr\u003E\n\u003Ctr\u003E\n\u003Ctd class=\u0022xl75\u0022 width=\u0022375\u0022 height=\u002221\u0022\u003EOcupaciones elementales\u003C\/td\u003E\n\u003Ctd class=\u0022xl73\u0022 style=\u0022text-align: right;\u0022\u003E\u0026nbsp;\u0026nbsp;\u0026nbsp;\u0026nbsp;\u0026nbsp;\u0026nbsp;\u0026nbsp;\u0026nbsp; 235.654\u003C\/td\u003E\n\u003Ctd class=\u0022xl73\u0022 style=\u0022text-align: right;\u0022\u003E\u0026nbsp;\u0026nbsp;\u0026nbsp;\u0026nbsp;\u0026nbsp; 2.391.627\u003C\/td\u003E\n\u003Ctd class=\u0022xl74\u0022 style=\u0022text-align: right;\u0022 align=\u0022right\u0022\u003E24,0%\u003C\/td\u003E\n\u003Ctd class=\u0022xl74\u0022 style=\u0022text-align: right;\u0022 align=\u0022right\u0022\u003E19,4%\u003C\/td\u003E\n\u003C\/tr\u003E\n\u003Ctr\u003E\n\u003Ctd class=\u0022xl75\u0022 width=\u0022375\u0022 height=\u002221\u0022\u003EOcupaciones militares y policiales\u003C\/td\u003E\n\u003Ctd class=\u0022xl73\u0022 style=\u0022text-align: right;\u0022\u003E\u0026nbsp;\u0026nbsp;\u0026nbsp;\u0026nbsp;\u0026nbsp;\u0026nbsp;\u0026nbsp;\u0026nbsp;\u0026nbsp;\u0026nbsp;\u0026nbsp;\u0026nbsp;\u0026nbsp;\u0026nbsp;\u0026nbsp;\u0026nbsp;\u0026nbsp;\u0026nbsp;\u0026nbsp; 4\u003C\/td\u003E\n\u003Ctd class=\u0022xl73\u0022 style=\u0022text-align: right;\u0022\u003E\u0026nbsp;\u0026nbsp;\u0026nbsp;\u0026nbsp;\u0026nbsp;\u0026nbsp;\u0026nbsp;\u0026nbsp; 118.923\u003C\/td\u003E\n\u003Ctd class=\u0022xl74\u0022 style=\u0022text-align: right;\u0022 align=\u0022right\u0022\u003E0,0%\u003C\/td\u003E\n\u003Ctd class=\u0022xl74\u0022 style=\u0022text-align: right;\u0022 align=\u0022right\u0022\u003E1,0%\u003C\/td\u003E\n\u003C\/tr\u003E\n\u003Ctr\u003E\n\u003Ctd class=\u0022xl72\u0022 width=\u0022375\u0022 height=\u002221\u0022\u003E\u003Cstrong\u003ETOTAL\u0026nbsp;\u003C\/strong\u003E\u003C\/td\u003E\n\u003Ctd class=\u0022xl71\u0022 style=\u0022text-align: right;\u0022\u003E\u003Cstrong\u003E\u0026nbsp; \u0026nbsp; \u0026nbsp; \u0026nbsp;982.151\u003C\/strong\u003E\u003C\/td\u003E\n\u003Ctd class=\u0022xl71\u0022 style=\u0022text-align: right;\u0022\u003E\u003Cstrong\u003E\u0026nbsp; 12.305.718\u003C\/strong\u003E\u003C\/td\u003E\n\u003Ctd class=\u0022xl70\u0022 style=\u0022text-align: right;\u0022 align=\u0022right\u0022\u003E\u003Cstrong\u003E100,0%\u003C\/strong\u003E\u003C\/td\u003E\n\u003Ctd class=\u0022xl70\u0022 style=\u0022text-align: right;\u0022 align=\u0022right\u0022\u003E\u003Cstrong\u003E100,0%\u003C\/strong\u003E\u003C\/td\u003E\n\u003C\/tr\u003E\n\u003Ctr\u003E\n\u003Ctd class=\u0022xl79\u0022 colspan=\u00225\u0022 height=\u002221\u0022\u003E\u003Cstrong\u003ERAMA DE ACTIVIDAD\u003C\/strong\u003E\u003C\/td\u003E\n\u003C\/tr\u003E\n\u003Ctr\u003E\n\u003Ctd class=\u0022xl75\u0022 width=\u0022375\u0022 height=\u002221\u0022\u003EA. Agricultura, ganader\u0026iacute;a, silvicultura y pesca\u003C\/td\u003E\n\u003Ctd class=\u0022xl73\u0022 style=\u0022text-align: right;\u0022\u003E\u0026nbsp;\u0026nbsp;\u0026nbsp;\u0026nbsp;\u0026nbsp;\u0026nbsp;\u0026nbsp;\u0026nbsp; 276.430\u003C\/td\u003E\n\u003Ctd class=\u0022xl76\u0022 style=\u0022text-align: right;\u0022\u003E\u0026nbsp;\u0026nbsp;\u0026nbsp;\u0026nbsp;\u0026nbsp; 2.344.298\u003C\/td\u003E\n\u003Ctd class=\u0022xl74\u0022 style=\u0022text-align: right;\u0022 align=\u0022right\u0022\u003E28,1%\u003C\/td\u003E\n\u003Ctd class=\u0022xl74\u0022 style=\u0022text-align: right;\u0022 align=\u0022right\u0022\u003E19,1%\u003C\/td\u003E\n\u003C\/tr\u003E\n\u003Ctr\u003E\n\u003Ctd class=\u0022xl75\u0022 width=\u0022375\u0022 height=\u002221\u0022\u003EB. Explotaci\u0026oacute;n de minas y canteras\u003C\/td\u003E\n\u003Ctd class=\u0022xl73\u0022 style=\u0022text-align: right;\u0022\u003E\u0026nbsp;\u0026nbsp;\u0026nbsp;\u0026nbsp;\u0026nbsp;\u0026nbsp;\u0026nbsp;\u0026nbsp;\u0026nbsp;\u0026nbsp;\u0026nbsp;\u0026nbsp; 2.713\u003C\/td\u003E\n\u003Ctd class=\u0022xl76\u0022 style=\u0022text-align: right;\u0022\u003E\u0026nbsp;\u0026nbsp;\u0026nbsp;\u0026nbsp;\u0026nbsp;\u0026nbsp;\u0026nbsp;\u0026nbsp; 130.122\u003C\/td\u003E\n\u003Ctd class=\u0022xl74\u0022 style=\u0022text-align: right;\u0022 align=\u0022right\u0022\u003E0,3%\u003C\/td\u003E\n\u003Ctd class=\u0022xl74\u0022 style=\u0022text-align: right;\u0022 align=\u0022right\u0022\u003E1,1%\u003C\/td\u003E\n\u003C\/tr\u003E\n\u003Ctr\u003E\n\u003Ctd class=\u0022xl75\u0022 width=\u0022375\u0022 height=\u002221\u0022\u003EC. Industrias manufactureras\u003C\/td\u003E\n\u003Ctd class=\u0022xl73\u0022 style=\u0022text-align: right;\u0022\u003E\u0026nbsp;\u0026nbsp;\u0026nbsp;\u0026nbsp;\u0026nbsp;\u0026nbsp;\u0026nbsp;\u0026nbsp;\u0026nbsp;\u0026nbsp; 61.350\u003C\/td\u003E\n\u003Ctd class=\u0022xl76\u0022 style=\u0022text-align: right;\u0022\u003E\u0026nbsp;\u0026nbsp;\u0026nbsp;\u0026nbsp;\u0026nbsp;\u0026nbsp;\u0026nbsp;\u0026nbsp; 985.223\u003C\/td\u003E\n\u003Ctd class=\u0022xl74\u0022 style=\u0022text-align: right;\u0022 align=\u0022right\u0022\u003E6,2%\u003C\/td\u003E\n\u003Ctd class=\u0022xl74\u0022 style=\u0022text-align: right;\u0022 align=\u0022right\u0022\u003E8,0%\u003C\/td\u003E\n\u003C\/tr\u003E\n\u003Ctr\u003E\n\u003Ctd class=\u0022xl75\u0022 width=\u0022375\u0022 height=\u002221\u0022\u003ED. Suministro de electricidad, gas, vapor y aire acondicionado\u003C\/td\u003E\n\u003Ctd class=\u0022xl73\u0022 style=\u0022text-align: right;\u0022\u003E\u0026nbsp;\u0026nbsp;\u0026nbsp;\u0026nbsp;\u0026nbsp;\u0026nbsp;\u0026nbsp;\u0026nbsp;\u0026nbsp;\u0026nbsp;\u0026nbsp;\u0026nbsp;\u0026nbsp;\u0026nbsp;\u0026nbsp; 611\u003C\/td\u003E\n\u003Ctd class=\u0022xl76\u0022 style=\u0022text-align: right;\u0022\u003E\u0026nbsp;\u0026nbsp;\u0026nbsp;\u0026nbsp;\u0026nbsp;\u0026nbsp;\u0026nbsp;\u0026nbsp;\u0026nbsp;\u0026nbsp; 13.764\u003C\/td\u003E\n\u003Ctd class=\u0022xl74\u0022 style=\u0022text-align: right;\u0022 align=\u0022right\u0022\u003E0,1%\u003C\/td\u003E\n\u003Ctd class=\u0022xl74\u0022 style=\u0022text-align: right;\u0022 align=\u0022right\u0022\u003E0,1%\u003C\/td\u003E\n\u003C\/tr\u003E\n\u003Ctr\u003E\n\u003Ctd class=\u0022xl75\u0022 width=\u0022375\u0022 height=\u002232\u0022\u003EE. Suministro de agua; evacuaci\u0026oacute;n de aguas residuales, gesti\u0026oacute;n de desechos y descontaminaci\u0026oacute;n\u003C\/td\u003E\n\u003Ctd class=\u0022xl73\u0022 style=\u0022text-align: right;\u0022\u003E\u0026nbsp;\u0026nbsp;\u0026nbsp;\u0026nbsp;\u0026nbsp;\u0026nbsp;\u0026nbsp;\u0026nbsp;\u0026nbsp;\u0026nbsp;\u0026nbsp;\u0026nbsp; 3.309\u003C\/td\u003E\n\u003Ctd class=\u0022xl76\u0022 style=\u0022text-align: right;\u0022\u003E\u0026nbsp;\u0026nbsp;\u0026nbsp;\u0026nbsp;\u0026nbsp;\u0026nbsp;\u0026nbsp;\u0026nbsp;\u0026nbsp;\u0026nbsp; 32.958\u003C\/td\u003E\n\u003Ctd class=\u0022xl74\u0022 style=\u0022text-align: right;\u0022 align=\u0022right\u0022\u003E0,3%\u003C\/td\u003E\n\u003Ctd class=\u0022xl74\u0022 style=\u0022text-align: right;\u0022 align=\u0022right\u0022\u003E0,3%\u003C\/td\u003E\n\u003C\/tr\u003E\n\u003Ctr\u003E\n\u003Ctd class=\u0022xl75\u0022 width=\u0022375\u0022 height=\u002221\u0022\u003EF. Construcci\u0026oacute;n\u003C\/td\u003E\n\u003Ctd class=\u0022xl73\u0022 style=\u0022text-align: right;\u0022\u003E\u0026nbsp;\u0026nbsp;\u0026nbsp;\u0026nbsp;\u0026nbsp;\u0026nbsp;\u0026nbsp;\u0026nbsp;\u0026nbsp;\u0026nbsp; 27.370\u003C\/td\u003E\n\u003Ctd class=\u0022xl76\u0022 style=\u0022text-align: right;\u0022\u003E\u0026nbsp;\u0026nbsp;\u0026nbsp;\u0026nbsp;\u0026nbsp;\u0026nbsp;\u0026nbsp;\u0026nbsp; 872.279\u003C\/td\u003E\n\u003Ctd class=\u0022xl74\u0022 style=\u0022text-align: right;\u0022 align=\u0022right\u0022\u003E2,8%\u003C\/td\u003E\n\u003Ctd class=\u0022xl74\u0022 style=\u0022text-align: right;\u0022 align=\u0022right\u0022\u003E7,1%\u003C\/td\u003E\n\u003C\/tr\u003E\n\u003Ctr\u003E\n\u003Ctd class=\u0022xl75\u0022 width=\u0022375\u0022 height=\u002232\u0022\u003EG. Comercio al por mayor y al por menor; reparaci\u0026oacute;n de veh\u0026iacute;culos automotores y motocicletas\u003C\/td\u003E\n\u003Ctd class=\u0022xl73\u0022 style=\u0022text-align: right;\u0022\u003E\u0026nbsp;\u0026nbsp;\u0026nbsp;\u0026nbsp;\u0026nbsp;\u0026nbsp;\u0026nbsp;\u0026nbsp; 287.932\u003C\/td\u003E\n\u003Ctd class=\u0022xl76\u0022 style=\u0022text-align: right;\u0022\u003E\u0026nbsp;\u0026nbsp;\u0026nbsp;\u0026nbsp;\u0026nbsp; 2.401.863\u003C\/td\u003E\n\u003Ctd class=\u0022xl74\u0022 style=\u0022text-align: right;\u0022 align=\u0022right\u0022\u003E29,3%\u003C\/td\u003E\n\u003Ctd class=\u0022xl74\u0022 style=\u0022text-align: right;\u0022 align=\u0022right\u0022\u003E19,5%\u003C\/td\u003E\n\u003C\/tr\u003E\n\u003Ctr\u003E\n\u003Ctd class=\u0022xl75\u0022 width=\u0022375\u0022 height=\u002221\u0022\u003EH. Transporte y almacenamiento\u003C\/td\u003E\n\u003Ctd class=\u0022xl73\u0022 style=\u0022text-align: right;\u0022\u003E\u0026nbsp;\u0026nbsp;\u0026nbsp;\u0026nbsp;\u0026nbsp;\u0026nbsp;\u0026nbsp;\u0026nbsp;\u0026nbsp;\u0026nbsp;\u0026nbsp;\u0026nbsp; 7.305\u003C\/td\u003E\n\u003Ctd class=\u0022xl76\u0022 style=\u0022text-align: right;\u0022\u003E\u0026nbsp;\u0026nbsp;\u0026nbsp;\u0026nbsp;\u0026nbsp; 1.083.318\u003C\/td\u003E\n\u003Ctd class=\u0022xl74\u0022 style=\u0022text-align: right;\u0022 align=\u0022right\u0022\u003E0,7%\u003C\/td\u003E\n\u003Ctd class=\u0022xl74\u0022 style=\u0022text-align: right;\u0022 align=\u0022right\u0022\u003E8,8%\u003C\/td\u003E\n\u003C\/tr\u003E\n\u003Ctr\u003E\n\u003Ctd class=\u0022xl75\u0022 width=\u0022375\u0022 height=\u002221\u0022\u003EI. Actividades de alojamiento y de servicio de comidas\u003C\/td\u003E\n\u003Ctd class=\u0022xl73\u0022 style=\u0022text-align: right;\u0022\u003E\u0026nbsp;\u0026nbsp;\u0026nbsp;\u0026nbsp;\u0026nbsp;\u0026nbsp;\u0026nbsp;\u0026nbsp;\u0026nbsp;\u0026nbsp; 50.371\u003C\/td\u003E\n\u003Ctd class=\u0022xl76\u0022 style=\u0022text-align: right;\u0022\u003E\u0026nbsp;\u0026nbsp;\u0026nbsp;\u0026nbsp;\u0026nbsp;\u0026nbsp;\u0026nbsp;\u0026nbsp; 724.522\u003C\/td\u003E\n\u003Ctd class=\u0022xl74\u0022 style=\u0022text-align: right;\u0022 align=\u0022right\u0022\u003E5,1%\u003C\/td\u003E\n\u003Ctd class=\u0022xl74\u0022 style=\u0022text-align: right;\u0022 align=\u0022right\u0022\u003E5,9%\u003C\/td\u003E\n\u003C\/tr\u003E\n\u003Ctr\u003E\n\u003Ctd class=\u0022xl75\u0022 width=\u0022375\u0022 height=\u002221\u0022\u003EJ. Informaci\u0026oacute;n y comunicaciones\u003C\/td\u003E\n\u003Ctd class=\u0022xl73\u0022 style=\u0022text-align: right;\u0022\u003E\u0026nbsp;\u0026nbsp;\u0026nbsp;\u0026nbsp;\u0026nbsp;\u0026nbsp;\u0026nbsp;\u0026nbsp;\u0026nbsp;\u0026nbsp;\u0026nbsp;\u0026nbsp; 9.556\u003C\/td\u003E\n\u003Ctd class=\u0022xl76\u0022 style=\u0022text-align: right;\u0022\u003E\u0026nbsp;\u0026nbsp;\u0026nbsp;\u0026nbsp;\u0026nbsp;\u0026nbsp;\u0026nbsp;\u0026nbsp; 133.504\u003C\/td\u003E\n\u003Ctd class=\u0022xl74\u0022 style=\u0022text-align: right;\u0022 align=\u0022right\u0022\u003E1,0%\u003C\/td\u003E\n\u003Ctd class=\u0022xl74\u0022 style=\u0022text-align: right;\u0022 align=\u0022right\u0022\u003E1,1%\u003C\/td\u003E\n\u003C\/tr\u003E\n\u003Ctr\u003E\n\u003Ctd class=\u0022xl75\u0022 width=\u0022375\u0022 height=\u002221\u0022\u003EK. Actividades financieras y de seguros\u003C\/td\u003E\n\u003Ctd class=\u0022xl73\u0022 style=\u0022text-align: right;\u0022\u003E\u0026nbsp;\u0026nbsp;\u0026nbsp;\u0026nbsp;\u0026nbsp;\u0026nbsp;\u0026nbsp;\u0026nbsp;\u0026nbsp;\u0026nbsp;\u0026nbsp;\u0026nbsp; 5.826\u003C\/td\u003E\n\u003Ctd class=\u0022xl76\u0022 style=\u0022text-align: right;\u0022\u003E\u0026nbsp;\u0026nbsp;\u0026nbsp;\u0026nbsp;\u0026nbsp;\u0026nbsp;\u0026nbsp;\u0026nbsp; 130.184\u003C\/td\u003E\n\u003Ctd class=\u0022xl74\u0022 style=\u0022text-align: right;\u0022 align=\u0022right\u0022\u003E0,6%\u003C\/td\u003E\n\u003Ctd class=\u0022xl74\u0022 style=\u0022text-align: right;\u0022 align=\u0022right\u0022\u003E1,1%\u003C\/td\u003E\n\u003C\/tr\u003E\n\u003Ctr\u003E\n\u003Ctd class=\u0022xl75\u0022 width=\u0022375\u0022 height=\u002221\u0022\u003EL. Actividades inmobiliarias\u003C\/td\u003E\n\u003Ctd class=\u0022xl73\u0022 style=\u0022text-align: right;\u0022\u003E\u0026nbsp;\u0026nbsp;\u0026nbsp;\u0026nbsp;\u0026nbsp;\u0026nbsp;\u0026nbsp;\u0026nbsp;\u0026nbsp;\u0026nbsp;\u0026nbsp;\u0026nbsp; 2.029\u003C\/td\u003E\n\u003Ctd class=\u0022xl76\u0022 style=\u0022text-align: right;\u0022\u003E\u0026nbsp;\u0026nbsp;\u0026nbsp;\u0026nbsp;\u0026nbsp;\u0026nbsp;\u0026nbsp;\u0026nbsp;\u0026nbsp;\u0026nbsp; 23.891\u003C\/td\u003E\n\u003Ctd class=\u0022xl74\u0022 style=\u0022text-align: right;\u0022 align=\u0022right\u0022\u003E0,2%\u003C\/td\u003E\n\u003Ctd class=\u0022xl74\u0022 style=\u0022text-align: right;\u0022 align=\u0022right\u0022\u003E0,2%\u003C\/td\u003E\n\u003C\/tr\u003E\n\u003Ctr\u003E\n\u003Ctd class=\u0022xl75\u0022 width=\u0022375\u0022 height=\u002221\u0022\u003EM. Actividades profesionales, cient\u0026iacute;ficas y t\u0026eacute;cnicas\u003C\/td\u003E\n\u003Ctd class=\u0022xl73\u0022 style=\u0022text-align: right;\u0022\u003E\u0026nbsp;\u0026nbsp;\u0026nbsp;\u0026nbsp;\u0026nbsp;\u0026nbsp;\u0026nbsp;\u0026nbsp;\u0026nbsp;\u0026nbsp; 52.564\u003C\/td\u003E\n\u003Ctd class=\u0022xl76\u0022 style=\u0022text-align: right;\u0022\u003E\u0026nbsp;\u0026nbsp;\u0026nbsp;\u0026nbsp;\u0026nbsp;\u0026nbsp;\u0026nbsp;\u0026nbsp; 775.248\u003C\/td\u003E\n\u003Ctd class=\u0022xl74\u0022 style=\u0022text-align: right;\u0022 align=\u0022right\u0022\u003E5,4%\u003C\/td\u003E\n\u003Ctd class=\u0022xl74\u0022 style=\u0022text-align: right;\u0022 align=\u0022right\u0022\u003E6,3%\u003C\/td\u003E\n\u003C\/tr\u003E\n\u003Ctr\u003E\n\u003Ctd class=\u0022xl75\u0022 width=\u0022375\u0022 height=\u002221\u0022\u003EN. Actividades de servicios administrativos y de apoyo\u003C\/td\u003E\n\u003Ctd class=\u0022xl73\u0022 style=\u0022text-align: right;\u0022\u003E\u0026nbsp;\u0026nbsp;\u0026nbsp;\u0026nbsp;\u0026nbsp;\u0026nbsp;\u0026nbsp;\u0026nbsp;\u0026nbsp;\u0026nbsp; 25.768\u003C\/td\u003E\n\u003Ctd class=\u0022xl76\u0022 style=\u0022text-align: right;\u0022\u003E\u0026nbsp;\u0026nbsp;\u0026nbsp;\u0026nbsp;\u0026nbsp;\u0026nbsp;\u0026nbsp;\u0026nbsp; 431.765\u003C\/td\u003E\n\u003Ctd class=\u0022xl74\u0022 style=\u0022text-align: right;\u0022 align=\u0022right\u0022\u003E2,6%\u003C\/td\u003E\n\u003Ctd class=\u0022xl74\u0022 style=\u0022text-align: right;\u0022 align=\u0022right\u0022\u003E3,5%\u003C\/td\u003E\n\u003C\/tr\u003E\n\u003Ctr\u003E\n\u003Ctd class=\u0022xl75\u0022 width=\u0022375\u0022 height=\u002232\u0022\u003EO. Administraci\u0026oacute;n p\u0026uacute;blica y defensa; planes de seguridad social de afiliaci\u0026oacute;n obligatoria\u003C\/td\u003E\n\u003Ctd class=\u0022xl73\u0022 style=\u0022text-align: right;\u0022\u003E\u0026nbsp;\u0026nbsp;\u0026nbsp;\u0026nbsp;\u0026nbsp;\u0026nbsp;\u0026nbsp;\u0026nbsp;\u0026nbsp;\u0026nbsp; 16.750\u003C\/td\u003E\n\u003Ctd class=\u0022xl76\u0022 style=\u0022text-align: right;\u0022\u003E\u0026nbsp;\u0026nbsp;\u0026nbsp;\u0026nbsp;\u0026nbsp;\u0026nbsp;\u0026nbsp;\u0026nbsp; 453.321\u003C\/td\u003E\n\u003Ctd class=\u0022xl74\u0022 style=\u0022text-align: right;\u0022 align=\u0022right\u0022\u003E1,7%\u003C\/td\u003E\n\u003Ctd class=\u0022xl74\u0022 style=\u0022text-align: right;\u0022 align=\u0022right\u0022\u003E3,7%\u003C\/td\u003E\n\u003C\/tr\u003E\n\u003Ctr\u003E\n\u003Ctd class=\u0022xl75\u0022 width=\u0022375\u0022 height=\u002221\u0022\u003EP. Ense\u0026ntilde;anza\u003C\/td\u003E\n\u003Ctd class=\u0022xl73\u0022 style=\u0022text-align: right;\u0022\u003E\u0026nbsp;\u0026nbsp;\u0026nbsp;\u0026nbsp;\u0026nbsp;\u0026nbsp;\u0026nbsp;\u0026nbsp;\u0026nbsp;\u0026nbsp; 83.902\u003C\/td\u003E\n\u003Ctd class=\u0022xl76\u0022 style=\u0022text-align: right;\u0022\u003E\u0026nbsp;\u0026nbsp;\u0026nbsp;\u0026nbsp;\u0026nbsp;\u0026nbsp;\u0026nbsp;\u0026nbsp; 731.147\u003C\/td\u003E\n\u003Ctd class=\u0022xl74\u0022 style=\u0022text-align: right;\u0022 align=\u0022right\u0022\u003E8,5%\u003C\/td\u003E\n\u003Ctd class=\u0022xl74\u0022 style=\u0022text-align: right;\u0022 align=\u0022right\u0022\u003E5,9%\u003C\/td\u003E\n\u003C\/tr\u003E\n\u003Ctr\u003E\n\u003Ctd class=\u0022xl75\u0022 width=\u0022375\u0022 height=\u002221\u0022\u003EQ. Actividades de atenci\u0026oacute;n de la salud humana y de asistencia social\u003C\/td\u003E\n\u003Ctd class=\u0022xl73\u0022 style=\u0022text-align: right;\u0022\u003E\u0026nbsp;\u0026nbsp;\u0026nbsp;\u0026nbsp;\u0026nbsp;\u0026nbsp;\u0026nbsp;\u0026nbsp;\u0026nbsp;\u0026nbsp; 24.850\u003C\/td\u003E\n\u003Ctd class=\u0022xl76\u0022 style=\u0022text-align: right;\u0022\u003E\u0026nbsp;\u0026nbsp;\u0026nbsp;\u0026nbsp;\u0026nbsp;\u0026nbsp;\u0026nbsp;\u0026nbsp; 371.199\u003C\/td\u003E\n\u003Ctd class=\u0022xl74\u0022 style=\u0022text-align: right;\u0022 align=\u0022right\u0022\u003E2,5%\u003C\/td\u003E\n\u003Ctd class=\u0022xl74\u0022 style=\u0022text-align: right;\u0022 align=\u0022right\u0022\u003E3,0%\u003C\/td\u003E\n\u003C\/tr\u003E\n\u003Ctr\u003E\n\u003Ctd class=\u0022xl75\u0022 width=\u0022375\u0022 height=\u002221\u0022\u003ER. Actividades art\u0026iacute;sticas, de entretenimiento y recreativas\u003C\/td\u003E\n\u003Ctd class=\u0022xl73\u0022 style=\u0022text-align: right;\u0022\u003E\u0026nbsp;\u0026nbsp;\u0026nbsp;\u0026nbsp;\u0026nbsp;\u0026nbsp;\u0026nbsp;\u0026nbsp;\u0026nbsp;\u0026nbsp;\u0026nbsp;\u0026nbsp; 8.505\u003C\/td\u003E\n\u003Ctd class=\u0022xl76\u0022 style=\u0022text-align: right;\u0022\u003E\u0026nbsp;\u0026nbsp;\u0026nbsp;\u0026nbsp;\u0026nbsp;\u0026nbsp;\u0026nbsp;\u0026nbsp; 118.428\u003C\/td\u003E\n\u003Ctd class=\u0022xl74\u0022 style=\u0022text-align: right;\u0022 align=\u0022right\u0022\u003E0,9%\u003C\/td\u003E\n\u003Ctd class=\u0022xl74\u0022 style=\u0022text-align: right;\u0022 align=\u0022right\u0022\u003E1,0%\u003C\/td\u003E\n\u003C\/tr\u003E\n\u003Ctr\u003E\n\u003Ctd class=\u0022xl75\u0022 width=\u0022375\u0022 height=\u002221\u0022\u003ES. Otras actividades de servicios\u003C\/td\u003E\n\u003Ctd class=\u0022xl73\u0022 style=\u0022text-align: right;\u0022\u003E\u0026nbsp;\u0026nbsp;\u0026nbsp;\u0026nbsp;\u0026nbsp;\u0026nbsp;\u0026nbsp;\u0026nbsp;\u0026nbsp;\u0026nbsp; 24.865\u003C\/td\u003E\n\u003Ctd class=\u0022xl76\u0022 style=\u0022text-align: right;\u0022\u003E\u0026nbsp;\u0026nbsp;\u0026nbsp;\u0026nbsp;\u0026nbsp;\u0026nbsp;\u0026nbsp;\u0026nbsp; 354.243\u003C\/td\u003E\n\u003Ctd class=\u0022xl74\u0022 style=\u0022text-align: right;\u0022 align=\u0022right\u0022\u003E2,5%\u003C\/td\u003E\n\u003Ctd class=\u0022xl74\u0022 style=\u0022text-align: right;\u0022 align=\u0022right\u0022\u003E2,9%\u003C\/td\u003E\n\u003C\/tr\u003E\n\u003Ctr\u003E\n\u003Ctd class=\u0022xl75\u0022 width=\u0022375\u0022 height=\u002248\u0022\u003ET. Actividades de los hogares como empleadores; actividades no diferenciadas de los hogares como productores de bienes y servicios para uso propio\u003C\/td\u003E\n\u003Ctd class=\u0022xl73\u0022 style=\u0022text-align: right;\u0022\u003E\u0026nbsp;\u0026nbsp;\u0026nbsp;\u0026nbsp;\u0026nbsp;\u0026nbsp;\u0026nbsp;\u0026nbsp;\u0026nbsp;\u0026nbsp; 10.082\u003C\/td\u003E\n\u003Ctd class=\u0022xl76\u0022 style=\u0022text-align: right;\u0022\u003E\u0026nbsp;\u0026nbsp;\u0026nbsp;\u0026nbsp;\u0026nbsp;\u0026nbsp;\u0026nbsp;\u0026nbsp; 193.329\u003C\/td\u003E\n\u003Ctd class=\u0022xl74\u0022 style=\u0022text-align: right;\u0022 align=\u0022right\u0022\u003E1,0%\u003C\/td\u003E\n\u003Ctd class=\u0022xl74\u0022 style=\u0022text-align: right;\u0022 align=\u0022right\u0022\u003E1,6%\u003C\/td\u003E\n\u003C\/tr\u003E\n\u003Ctr\u003E\n\u003Ctd class=\u0022xl75\u0022 width=\u0022375\u0022 height=\u002221\u0022\u003EU. Actividades de organizaciones y \u0026oacute;rganos extraterritoriales\u003C\/td\u003E\n\u003Ctd class=\u0022xl73\u0022 style=\u0022text-align: right;\u0022\u003E\u0026nbsp;\u0026nbsp;\u0026nbsp;\u0026nbsp;\u0026nbsp;\u0026nbsp;\u0026nbsp;\u0026nbsp;\u0026nbsp;\u0026nbsp;\u0026nbsp;\u0026nbsp;\u0026nbsp;\u0026nbsp;\u0026nbsp;\u0026nbsp;\u0026nbsp; 63\u003C\/td\u003E\n\u003Ctd class=\u0022xl76\u0022 style=\u0022text-align: right;\u0022\u003E\u0026nbsp;\u0026nbsp;\u0026nbsp;\u0026nbsp;\u0026nbsp;\u0026nbsp;\u0026nbsp;\u0026nbsp;\u0026nbsp;\u0026nbsp;\u0026nbsp;\u0026nbsp; 1.112\u003C\/td\u003E\n\u003Ctd class=\u0022xl74\u0022 style=\u0022text-align: right;\u0022 align=\u0022right\u0022\u003E0,0%\u003C\/td\u003E\n\u003Ctd class=\u0022xl74\u0022 style=\u0022text-align: right;\u0022 align=\u0022right\u0022\u003E0,0%\u003C\/td\u003E\n\u003C\/tr\u003E\n\u003Ctr\u003E\n\u003Ctd class=\u0022xl72\u0022 width=\u0022375\u0022 height=\u002221\u0022\u003E\u003Cstrong\u003ETOTAL\u0026nbsp;\u003C\/strong\u003E\u003C\/td\u003E\n\u003Ctd class=\u0022xl78\u0022 style=\u0022text-align: right;\u0022\u003E\u003Cstrong\u003E\u0026nbsp;\u0026nbsp;\u0026nbsp;\u0026nbsp;\u0026nbsp;\u0026nbsp;\u0026nbsp;\u0026nbsp;\u0026nbsp;\u0026nbsp;\u0026nbsp;\u0026nbsp;\u0026nbsp; 982.151\u003C\/strong\u003E\u003C\/td\u003E\n\u003Ctd class=\u0022xl78\u0022 style=\u0022text-align: right;\u0022\u003E\u003Cstrong\u003E\u0026nbsp;\u0026nbsp;\u0026nbsp;\u0026nbsp;\u0026nbsp;\u0026nbsp; 12.305.718\u003C\/strong\u003E\u003C\/td\u003E\n\u003Ctd class=\u0022xl70\u0022 style=\u0022text-align: right;\u0022 align=\u0022right\u0022\u003E\u003Cstrong\u003E100,0%\u003C\/strong\u003E\u003C\/td\u003E\n\u003Ctd class=\u0022xl70\u0022 style=\u0022text-align: right;\u0022 align=\u0022right\u0022\u003E\u003Cstrong\u003E100,0%\u003C\/strong\u003E\u003C\/td\u003E\n\u003C\/tr\u003E\n\u003Ctr\u003E\n\u003Ctd class=\u0022xl79\u0022 colspan=\u00225\u0022 height=\u002221\u0022\u003ECATEGORIA OCUPACIONAL\u003C\/td\u003E\n\u003C\/tr\u003E\n\u003Ctr\u003E\n\u003Ctd class=\u0022xl75\u0022 width=\u0022375\u0022 height=\u002221\u0022\u003EEmpleador(a) o patrono(a)\u003C\/td\u003E\n\u003Ctd class=\u0022xl73\u0022 style=\u0022text-align: right;\u0022\u003E\u0026nbsp;\u0026nbsp;\u0026nbsp;\u0026nbsp;\u0026nbsp;\u0026nbsp;\u0026nbsp;\u0026nbsp;\u0026nbsp;\u0026nbsp; 50.051\u003C\/td\u003E\n\u003Ctd class=\u0022xl73\u0022 style=\u0022text-align: right;\u0022\u003E\u0026nbsp;\u0026nbsp;\u0026nbsp;\u0026nbsp;\u0026nbsp;\u0026nbsp;\u0026nbsp;\u0026nbsp; 517.943\u003C\/td\u003E\n\u003Ctd class=\u0022xl74\u0022 style=\u0022text-align: right;\u0022 align=\u0022right\u0022\u003E5,1%\u003C\/td\u003E\n\u003Ctd class=\u0022xl74\u0022 style=\u0022text-align: right;\u0022 align=\u0022right\u0022\u003E4,2%\u003C\/td\u003E\n\u003C\/tr\u003E\n\u003Ctr\u003E\n\u003Ctd class=\u0022xl75\u0022 width=\u0022375\u0022 height=\u002221\u0022\u003ETrabajador(a) independiente o por cuenta propia\u003C\/td\u003E\n\u003Ctd class=\u0022xl73\u0022 style=\u0022text-align: right;\u0022\u003E\u0026nbsp;\u0026nbsp;\u0026nbsp;\u0026nbsp;\u0026nbsp;\u0026nbsp;\u0026nbsp;\u0026nbsp; 480.369\u003C\/td\u003E\n\u003Ctd class=\u0022xl73\u0022 style=\u0022text-align: right;\u0022\u003E\u0026nbsp;\u0026nbsp;\u0026nbsp;\u0026nbsp;\u0026nbsp; 4.815.533\u003C\/td\u003E\n\u003Ctd class=\u0022xl74\u0022 style=\u0022text-align: right;\u0022 align=\u0022right\u0022\u003E48,9%\u003C\/td\u003E\n\u003Ctd class=\u0022xl74\u0022 style=\u0022text-align: right;\u0022 align=\u0022right\u0022\u003E39,1%\u003C\/td\u003E\n\u003C\/tr\u003E\n\u003Ctr\u003E\n\u003Ctd class=\u0022xl75\u0022 width=\u0022375\u0022 height=\u002221\u0022\u003EEmpleado(a)\u003C\/td\u003E\n\u003Ctd class=\u0022xl73\u0022 style=\u0022text-align: right;\u0022\u003E\u0026nbsp;\u0026nbsp;\u0026nbsp;\u0026nbsp;\u0026nbsp;\u0026nbsp;\u0026nbsp;\u0026nbsp; 266.376\u003C\/td\u003E\n\u003Ctd class=\u0022xl73\u0022 style=\u0022text-align: right;\u0022\u003E\u0026nbsp;\u0026nbsp;\u0026nbsp;\u0026nbsp;\u0026nbsp; 4.062.849\u003C\/td\u003E\n\u003Ctd class=\u0022xl74\u0022 style=\u0022text-align: right;\u0022 align=\u0022right\u0022\u003E27,1%\u003C\/td\u003E\n\u003Ctd class=\u0022xl74\u0022 style=\u0022text-align: right;\u0022 align=\u0022right\u0022\u003E33,0%\u003C\/td\u003E\n\u003C\/tr\u003E\n\u003Ctr\u003E\n\u003Ctd class=\u0022xl75\u0022 width=\u0022375\u0022 height=\u002221\u0022\u003EObrero(a)\u003C\/td\u003E\n\u003Ctd class=\u0022xl73\u0022 style=\u0022text-align: right;\u0022\u003E\u0026nbsp;\u0026nbsp;\u0026nbsp;\u0026nbsp;\u0026nbsp;\u0026nbsp;\u0026nbsp;\u0026nbsp; 146.725\u003C\/td\u003E\n\u003Ctd class=\u0022xl73\u0022 style=\u0022text-align: right;\u0022\u003E\u0026nbsp;\u0026nbsp;\u0026nbsp;\u0026nbsp;\u0026nbsp; 2.466.170\u003C\/td\u003E\n\u003Ctd class=\u0022xl74\u0022 style=\u0022text-align: right;\u0022 align=\u0022right\u0022\u003E14,9%\u003C\/td\u003E\n\u003Ctd class=\u0022xl74\u0022 style=\u0022text-align: right;\u0022 align=\u0022right\u0022\u003E20,0%\u003C\/td\u003E\n\u003C\/tr\u003E\n\u003Ctr\u003E\n\u003Ctd class=\u0022xl75\u0022 width=\u0022375\u0022 height=\u002221\u0022\u003ETrabajador(a) en negocio de un familiar\u003C\/td\u003E\n\u003Ctd class=\u0022xl73\u0022 style=\u0022text-align: right;\u0022\u003E\u0026nbsp;\u0026nbsp;\u0026nbsp;\u0026nbsp;\u0026nbsp;\u0026nbsp;\u0026nbsp;\u0026nbsp;\u0026nbsp;\u0026nbsp; 28.548\u003C\/td\u003E\n\u003Ctd class=\u0022xl73\u0022 style=\u0022text-align: right;\u0022\u003E\u0026nbsp;\u0026nbsp;\u0026nbsp;\u0026nbsp;\u0026nbsp;\u0026nbsp;\u0026nbsp;\u0026nbsp; 249.894\u003C\/td\u003E\n\u003Ctd class=\u0022xl74\u0022 style=\u0022text-align: right;\u0022 align=\u0022right\u0022\u003E2,9%\u003C\/td\u003E\n\u003Ctd class=\u0022xl74\u0022 style=\u0022text-align: right;\u0022 align=\u0022right\u0022\u003E2,0%\u003C\/td\u003E\n\u003C\/tr\u003E\n\u003Ctr\u003E\n\u003Ctd class=\u0022xl75\u0022 width=\u0022375\u0022 height=\u002221\u0022\u003ETrabajador(a) del hogar\u003C\/td\u003E\n\u003Ctd class=\u0022xl73\u0022 style=\u0022text-align: right;\u0022\u003E\u0026nbsp;\u0026nbsp;\u0026nbsp;\u0026nbsp;\u0026nbsp;\u0026nbsp;\u0026nbsp;\u0026nbsp;\u0026nbsp;\u0026nbsp; 10.082\u003C\/td\u003E\n\u003Ctd class=\u0022xl73\u0022 style=\u0022text-align: right;\u0022\u003E\u0026nbsp;\u0026nbsp;\u0026nbsp;\u0026nbsp;\u0026nbsp;\u0026nbsp;\u0026nbsp;\u0026nbsp; 193.329\u003C\/td\u003E\n\u003Ctd class=\u0022xl74\u0022 style=\u0022text-align: right;\u0022 align=\u0022right\u0022\u003E1,0%\u003C\/td\u003E\n\u003Ctd class=\u0022xl74\u0022 style=\u0022text-align: right;\u0022 align=\u0022right\u0022\u003E1,6%\u003C\/td\u003E\n\u003C\/tr\u003E\n\u003Ctr\u003E\n\u003Ctd class=\u0022xl77\u0022 width=\u0022375\u0022 height=\u002221\u0022\u003E\u003Cstrong\u003ETotal\u003C\/strong\u003E\u003C\/td\u003E\n\u003Ctd class=\u0022xl71\u0022 style=\u0022text-align: right;\u0022\u003E\u003Cstrong\u003E\u0026nbsp;\u0026nbsp;\u0026nbsp;\u0026nbsp;\u0026nbsp;\u0026nbsp;\u0026nbsp;\u0026nbsp; 982.151\u003C\/strong\u003E\u003C\/td\u003E\n\u003Ctd class=\u0022xl71\u0022 style=\u0022text-align: right;\u0022\u003E\u003Cstrong\u003E\u0026nbsp;\u0026nbsp;\u0026nbsp; 12.305.718\u003C\/strong\u003E\u003C\/td\u003E\n\u003Ctd class=\u0022xl70\u0022 style=\u0022text-align: right;\u0022 align=\u0022right\u0022\u003E\u003Cstrong\u003E100,0%\u003C\/strong\u003E\u003C\/td\u003E\n\u003Ctd class=\u0022xl70\u0022 style=\u0022text-align: right;\u0022 align=\u0022right\u0022\u003E\u003Cstrong\u003E100,0%\u003C\/strong\u003E\u003C\/td\u003E\n\u003C\/tr\u003E\n\u003C\/tbody\u003E\n\u003C\/table\u003E\u003C\/div\u003E\n      \n\u003C!-- END OUTPUT from \u0027themes\/contrib\/noahs_builder_theme\/templates\/field\/field.html.twig\u0027 --\u003E\n\n\n          \u003C\/div\u003E\n  \u003C\/div\u003E\n\n\u003C!-- END CUSTOM TEMPLATE OUTPUT from \u0027themes\/custom\/sub_noahs_theme\/templates\/paragraph\/paragraph--default.html.twig\u0027 --\u003E\n\n\u003C\/div\u003E\n      \n\u003C!-- END OUTPUT from \u0027themes\/contrib\/noahs_builder_theme\/templates\/field\/field.html.twig\u0027 --\u003E\n\n\n\n\u003C!-- THEME DEBUG --\u003E\n\u003C!-- THEME HOOK: \u0027pseudo_field\u0027 --\u003E\n\u003C!-- \ud83d\udca1 BEGIN CUSTOM TEMPLATE OUTPUT from \u0027themes\/custom\/sub_noahs_theme\/templates\/field\/pseudo-field.html.twig\u0027 --\u003E\n\n\u003Cdiv class=\u0022field field-pseudo-social-sharing pt-3\u0022\u003E\n  \u003Cdiv class=\u0022pt-3 border-top border-primary\u0022\u003E\n\n\u003C!-- THEME DEBUG --\u003E\n\u003C!-- THEME HOOK: \u0027item_list\u0027 --\u003E\n\u003C!-- BEGIN OUTPUT from \u0027core\/modules\/system\/templates\/item-list.html.twig\u0027 --\u003E\n\u003Ch3\u003ECompartir:\u003C\/h3\u003E\u003Cul class=\u0022share-container__items d-flex gap-3 flex-column flex-sm-row\u0022\u003E\u003Cli class=\u0022share-container__item border-0 rounded-0 p-0 col-12 col-sm-auto share-container__item-facebook\u0022\u003E\u003Ca href=\u0022https:\/\/www.facebook.com\/sharer\/sharer.php?u=https%3A\/\/odismet.org\/datos\/peru-perfil-ocupacional-de-la-poblacion-con-discapacidad-ultimo-dato-censo-2017\u0022 class=\u0022text-white share-link px-3 py-2 lh-sm\u0022 target=\u0022_blank\u0022\u003EFacebook\u003C\/a\u003E\u003C\/li\u003E\u003Cli class=\u0022share-container__item border-0 rounded-0 p-0 col-12 col-sm-auto share-container__item-twitter\u0022\u003E\u003Ca href=\u0022https:\/\/twitter.com\/intent\/tweet?text=Per%C3%BA.%20Perfil%20ocupacional%20de%20la%20poblaci%C3%B3n%20con%20discapacidad.%20%C3%9Altimo%20dato%20%28Censo%202017%29\u0026amp;url=https%3A\/\/odismet.org\/datos\/peru-perfil-ocupacional-de-la-poblacion-con-discapacidad-ultimo-dato-censo-2017\u0022 class=\u0022text-white share-link px-3 py-2 lh-sm\u0022 target=\u0022_blank\u0022\u003ETwitter\u003C\/a\u003E\u003C\/li\u003E\u003Cli class=\u0022share-container__item border-0 rounded-0 p-0 col-12 col-sm-auto share-container__item-linkedin\u0022\u003E\u003Ca href=\u0022https:\/\/www.linkedin.com\/shareArticle?mini=true\u0026amp;url=https%3A\/\/odismet.org\/datos\/peru-perfil-ocupacional-de-la-poblacion-con-discapacidad-ultimo-dato-censo-2017\u0026amp;title=Per%C3%BA.%20Perfil%20ocupacional%20de%20la%20poblaci%C3%B3n%20con%20discapacidad.%20%C3%9Altimo%20dato%20%28Censo%202017%29\u0022 class=\u0022text-white share-link px-3 py-2 lh-sm\u0022 target=\u0022_blank\u0022\u003ELinkedin\u003C\/a\u003E\u003C\/li\u003E\u003C\/ul\u003E\n\u003C!-- END OUTPUT from \u0027core\/modules\/system\/templates\/item-list.html.twig\u0027 --\u003E\n\n\n\u003C\/div\u003E\n\n\u003C!-- END CUSTOM TEMPLATE OUTPUT from \u0027themes\/custom\/sub_noahs_theme\/templates\/field\/pseudo-field.html.twig\u0027 --\u003E\n\n\n    \u003C\/div\u003E\n\u003C\/article\u003E\n\n\n\u003C!-- END CUSTOM TEMPLATE OUTPUT from \u0027themes\/custom\/sub_noahs_theme\/templates\/content\/node--data-sample.html.twig\u0027 --\u003E\n\n\u003C\/div\u003E\n\n\u003C!-- END CUSTOM TEMPLATE OUTPUT from \u0027themes\/custom\/sub_noahs_theme\/templates\/form\/container.html.twig\u0027 --\u003E\n\n\u003C\/div\u003E\n\n\u003C!-- END CUSTOM TEMPLATE OUTPUT from \u0027themes\/custom\/sub_noahs_theme\/templates\/form\/container.html.twig\u0027 --\u003E\n\n","settings":null,"effect":"fade","speed":"slow"}]