[{"command":"insert","method":"replaceWith","selector":"#indicator-content-ajax","data":"\n\n\u003C!-- THEME DEBUG --\u003E\n\u003C!-- THEME HOOK: \u0027container\u0027 --\u003E\n\u003C!-- \ud83d\udca1 BEGIN CUSTOM TEMPLATE OUTPUT from \u0027themes\/custom\/sub_noahs_theme\/templates\/form\/container.html.twig\u0027 --\u003E\n\u003Cdiv id=\u0022indicator-content-ajax\u0022 class=\u0022database-indicators__content js-database-indicators__content  mb-lg-0\u0022\u003E\n\n\u003C!-- THEME DEBUG --\u003E\n\u003C!-- THEME HOOK: \u0027container\u0027 --\u003E\n\u003C!-- \ud83d\udca1 BEGIN CUSTOM TEMPLATE OUTPUT from \u0027themes\/custom\/sub_noahs_theme\/templates\/form\/container.html.twig\u0027 --\u003E\n\u003Cdiv class=\u0022data-bank-indicator mb-lg-0\u0022\u003E\n\n\u003C!-- THEME DEBUG --\u003E\n\u003C!-- THEME HOOK: \u0027container\u0027 --\u003E\n\u003C!-- \ud83d\udca1 BEGIN CUSTOM TEMPLATE OUTPUT from \u0027themes\/custom\/sub_noahs_theme\/templates\/form\/container.html.twig\u0027 --\u003E\n\u003Cdiv class=\u0022data-bank-indicator-header fs-2 lh-1 text-primary pb-4 mb-lg-0\u0022\u003E\u003Cp\u003E1.08.Volumen de contratos a personas con discapacidad e \u00edndice de rotaci\u00f3n de la contrataci\u00f3n\u003C\/p\u003E\n\u003C\/div\u003E\n\n\u003C!-- END CUSTOM TEMPLATE OUTPUT from \u0027themes\/custom\/sub_noahs_theme\/templates\/form\/container.html.twig\u0027 --\u003E\n\n\n\n\u003C!-- THEME DEBUG --\u003E\n\u003C!-- THEME HOOK: \u0027container\u0027 --\u003E\n\u003C!-- \ud83d\udca1 BEGIN CUSTOM TEMPLATE OUTPUT from \u0027themes\/custom\/sub_noahs_theme\/templates\/form\/container.html.twig\u0027 --\u003E\n\u003Cdiv class=\u0022data-bank-indicator-content pb-2 mb-lg-0\u0022\u003E\n\n\u003C!-- THEME DEBUG --\u003E\n\u003C!-- THEME HOOK: \u0027container\u0027 --\u003E\n\u003C!-- \ud83d\udca1 BEGIN CUSTOM TEMPLATE OUTPUT from \u0027themes\/custom\/sub_noahs_theme\/templates\/form\/container.html.twig\u0027 --\u003E\n\u003Cdiv id=\u0022indicator-content-ajax\u0022 class=\u0022daba-bank-full-main  mb-lg-0\u0022\u003E\n\n\u003C!-- THEME DEBUG --\u003E\n\u003C!-- THEME HOOK: \u0027container\u0027 --\u003E\n\u003C!-- \ud83d\udca1 BEGIN CUSTOM TEMPLATE OUTPUT from \u0027themes\/custom\/sub_noahs_theme\/templates\/form\/container.html.twig\u0027 --\u003E\n\u003Cdiv class=\u0022data-bank-indicator-title text-uppercase fs-5 fw-bold pb-2 mb-lg-0\u0022\u003E\u003Cp\u003EDefinici\u00f3n y fuentes\u003C\/p\u003E\n\u003C\/div\u003E\n\n\u003C!-- END CUSTOM TEMPLATE OUTPUT from \u0027themes\/custom\/sub_noahs_theme\/templates\/form\/container.html.twig\u0027 --\u003E\n\n\n\n\u003C!-- THEME DEBUG --\u003E\n\u003C!-- THEME HOOK: \u0027container\u0027 --\u003E\n\u003C!-- \ud83d\udca1 BEGIN CUSTOM TEMPLATE OUTPUT from \u0027themes\/custom\/sub_noahs_theme\/templates\/form\/container.html.twig\u0027 --\u003E\n\u003Cdiv class=\u0022o-field-value mb-lg-0\u0022\u003E\u003Cp\u003EEste indicador recoge el volumen de contrataciones a personas con discapacidad, as\u00ed como el volumen de personas contratadas por a\u00f1o. Para el c\u00e1lculo se tienen en cuenta todos los contratos realizados a personas con discapacidad que se han registrado a lo largo del a\u00f1o correspondiente al que se haga referencia en el informe de los Servicios P\u00fablicos de Empleo, sean o no espec\u00edficos del colectivo (se suman los contratos mecanizados firmados por personas que han declarado su discapacidad en la demanda de empleo o lo han manifestado en el propio contrato). Se recoge adem\u00e1s el \u00edndice de rotaci\u00f3n, que reflejar\u00eda el volumen de contrataciones por persona con discapacidad para un per\u00edodo determinado y que es el resultado de dividir el n\u00famero total de contratos en un a\u00f1o y el n\u00famero total de personas contratadas en ese a\u00f1o.\u003C\/p\u003E\r\n\r\n\u003Cp\u003ELa fuente utilizada es el \u003Ca href=\u0022http:\/\/www.sepe.es\/HomeSepe\/que-es-el-sepe\/observatorio\/informes-mercado-trabajo\/informes-anuales-mercado-trabajo-estatal\/ver-resultados.html?documentType=informes\u0026amp;tipo=2\u0026amp;periodo=anual\u0026amp;ambito=Nacional\u0026amp;tema=3\u0022 target=\u0022_blank\u0022\u003EInforme Anual del Mercado de Trabajo de las Personas con Discapacidad,\u003C\/a\u003E\u0026nbsp;del Servicio P\u00fablico de Empleo Estatal (SEPE). La base de los datos del Servicio P\u00fablico de Empleo Estatal est\u00e1n tomados a 31 de diciembre de 2018, o bien a \u00faltimo d\u00eda de cada mes objeto de estudio. Este apartado contabiliza el total de contrataciones a personas con discapacidad y es m\u00e1s completo que el presentado en el indicador \u003Ca href=\u0022https:\/\/www.odismet.es\/indicador-basico\/109volumen-de-contratos-especificos-realizados-personas-con-discapacidad\u0022 target=\u0022_blank\u0022\u003E1_9\u003C\/a\u003E\u0026nbsp;que habla de contratos espec\u00edficos que representan aproximadamente el 40% de los contratos a personas con discapacidad.\u003C\/p\u003E\r\n\u003C\/div\u003E\n\n\u003C!-- END CUSTOM TEMPLATE OUTPUT from \u0027themes\/custom\/sub_noahs_theme\/templates\/form\/container.html.twig\u0027 --\u003E\n\n\u003C\/div\u003E\n\n\u003C!-- END CUSTOM TEMPLATE OUTPUT from \u0027themes\/custom\/sub_noahs_theme\/templates\/form\/container.html.twig\u0027 --\u003E\n\n\u003C\/div\u003E\n\n\u003C!-- END CUSTOM TEMPLATE OUTPUT from \u0027themes\/custom\/sub_noahs_theme\/templates\/form\/container.html.twig\u0027 --\u003E\n\n\n\n\u003C!-- THEME DEBUG --\u003E\n\u003C!-- THEME HOOK: \u0027container\u0027 --\u003E\n\u003C!-- \ud83d\udca1 BEGIN CUSTOM TEMPLATE OUTPUT from \u0027themes\/custom\/sub_noahs_theme\/templates\/form\/container.html.twig\u0027 --\u003E\n\u003Cdiv class=\u0022data-bank-indicator-footer mb-lg-0\u0022\u003E\u003C\/div\u003E\n\n\u003C!-- END CUSTOM TEMPLATE OUTPUT from \u0027themes\/custom\/sub_noahs_theme\/templates\/form\/container.html.twig\u0027 --\u003E\n\n\u003C\/div\u003E\n\n\u003C!-- END CUSTOM TEMPLATE OUTPUT from \u0027themes\/custom\/sub_noahs_theme\/templates\/form\/container.html.twig\u0027 --\u003E\n\n\u003C\/div\u003E\n\n\u003C!-- END CUSTOM TEMPLATE OUTPUT from \u0027themes\/custom\/sub_noahs_theme\/templates\/form\/container.html.twig\u0027 --\u003E\n\n","settings":null,"effect":"fade","speed":"slow"}]