[{"command":"insert","method":"replaceWith","selector":"#indicator-content-ajax","data":"\n\n\u003C!-- THEME DEBUG --\u003E\n\u003C!-- THEME HOOK: \u0027container\u0027 --\u003E\n\u003C!-- \ud83d\udca1 BEGIN CUSTOM TEMPLATE OUTPUT from \u0027themes\/custom\/sub_noahs_theme\/templates\/form\/container.html.twig\u0027 --\u003E\n\u003Cdiv id=\u0022indicator-content-ajax\u0022 class=\u0022database-indicators__content js-database-indicators__content  mb-lg-0\u0022\u003E\n\n\u003C!-- THEME DEBUG --\u003E\n\u003C!-- THEME HOOK: \u0027container\u0027 --\u003E\n\u003C!-- \ud83d\udca1 BEGIN CUSTOM TEMPLATE OUTPUT from \u0027themes\/custom\/sub_noahs_theme\/templates\/form\/container.html.twig\u0027 --\u003E\n\u003Cdiv class=\u0022data-bank-indicator mb-lg-0\u0022\u003E\n\n\u003C!-- THEME DEBUG --\u003E\n\u003C!-- THEME HOOK: \u0027container\u0027 --\u003E\n\u003C!-- \ud83d\udca1 BEGIN CUSTOM TEMPLATE OUTPUT from \u0027themes\/custom\/sub_noahs_theme\/templates\/form\/container.html.twig\u0027 --\u003E\n\u003Cdiv class=\u0022data-bank-indicator-header fs-2 lh-1 text-primary pb-4 mb-lg-0\u0022\u003E\u003Cp\u003E2.08.Salario medio mensual neto de las personas con discapacidad\u003C\/p\u003E\n\u003C\/div\u003E\n\n\u003C!-- END CUSTOM TEMPLATE OUTPUT from \u0027themes\/custom\/sub_noahs_theme\/templates\/form\/container.html.twig\u0027 --\u003E\n\n\n\n\u003C!-- THEME DEBUG --\u003E\n\u003C!-- THEME HOOK: \u0027container\u0027 --\u003E\n\u003C!-- \ud83d\udca1 BEGIN CUSTOM TEMPLATE OUTPUT from \u0027themes\/custom\/sub_noahs_theme\/templates\/form\/container.html.twig\u0027 --\u003E\n\u003Cdiv class=\u0022data-bank-indicator-content pb-2 mb-lg-0\u0022\u003E\n\n\u003C!-- THEME DEBUG --\u003E\n\u003C!-- THEME HOOK: \u0027container\u0027 --\u003E\n\u003C!-- \ud83d\udca1 BEGIN CUSTOM TEMPLATE OUTPUT from \u0027themes\/custom\/sub_noahs_theme\/templates\/form\/container.html.twig\u0027 --\u003E\n\u003Cdiv id=\u0022indicator-content-ajax\u0022 class=\u0022daba-bank-full-main  mb-lg-0\u0022\u003E\n\n\u003C!-- THEME DEBUG --\u003E\n\u003C!-- THEME HOOK: \u0027container\u0027 --\u003E\n\u003C!-- \ud83d\udca1 BEGIN CUSTOM TEMPLATE OUTPUT from \u0027themes\/custom\/sub_noahs_theme\/templates\/form\/container.html.twig\u0027 --\u003E\n\u003Cdiv class=\u0022data-bank-indicator-title text-uppercase fs-5 fw-bold pb-2 mb-lg-0\u0022\u003E\u003Cp\u003EDefinici\u00f3n y fuentes\u003C\/p\u003E\n\u003C\/div\u003E\n\n\u003C!-- END CUSTOM TEMPLATE OUTPUT from \u0027themes\/custom\/sub_noahs_theme\/templates\/form\/container.html.twig\u0027 --\u003E\n\n\n\n\u003C!-- THEME DEBUG --\u003E\n\u003C!-- THEME HOOK: \u0027container\u0027 --\u003E\n\u003C!-- \ud83d\udca1 BEGIN CUSTOM TEMPLATE OUTPUT from \u0027themes\/custom\/sub_noahs_theme\/templates\/form\/container.html.twig\u0027 --\u003E\n\u003Cdiv class=\u0022o-field-value mb-lg-0\u0022\u003E\u003Cp\u003EEste indicador recoge la ganancia media mensual neta de los trabajadores con discapacidad asalariados, esto es, una vez deducidas las cotizaciones a la Seguridad Social por cuenta del trabajador y las retenciones a cuenta del Impuesto sobre la Renta de las Personas F\u00edsicas (IRPF). Se consideran personas con discapacidad oficialmente reconocida a aquellas con un grado de discapacidad superior o igual al 33% m\u00e1s, pensionistas de la Seguridad Social que tengan reconocida una pensi\u00f3n de incapacidad permanente en el grado total, absoluta o gran invalidez y pensionistas de clases pasivas que tengan reconocida una pensi\u00f3n de jubilaci\u00f3n o de retiro por incapacidad permanente para el servicio, en virtud del Real Decreto Legislativo 1\/2013.\u003C\/p\u003E\r\n\r\n\u003Cp\u003E\u003Cspan\u003ELa fuente utilizada es la serie\u003C\/span\u003E\u003Cspan\u003E\u0026nbsp;\u003Ca href=\u0022http:\/\/www.ine.es\/dyngs\/INEbase\/es\/operacion.htm?c=Estadistica_C\u0026amp;cid=1254736176911\u0026amp;menu=ultiDatos\u0026amp;idp=1254735976596\u0022 target=\u0022_blank\u0022\u003E\u003Cspan\u003Eel salario de las personas con discapacidad\u003C\/span\u003E\u003C\/a\u003E, del Instituto Nacional de Estad\u00edstica. Esta encuesta utiliza la informaci\u00f3n derivada de una integraci\u00f3n de los datos estad\u00edsticos proporcionados por la\u0026nbsp;\u003C\/span\u003E\u003Cem\u003EEncuesta de Estructura Salarial\u003C\/em\u003E\u003Cspan\u003E\u0026nbsp;(EES), de car\u00e1cter cuatrienal, con los datos administrativos de la\u0026nbsp;\u003C\/span\u003E\u003Cem\u003EBase de Datos Estatal de Personas con Discapacidad\u003C\/em\u003E\u003Cspan\u003E\u0026nbsp;(BEPD), a los que se a\u00f1aden adem\u00e1s los facilitados por la Tesorer\u00eda General de la Seguridad Social sobre fomento de empleo. Desde el a\u00f1o 2013,\u0026nbsp;\u003C\/span\u003E\u003Cem\u003EEl Salario de la personas con discapacidad\u0026nbsp;\u003C\/em\u003E\u003Cspan\u003Eintegra los datos de la BEPD y la\u003C\/span\u003E\u003Cem\u003E\u0026nbsp;Encuesta Anual de Estructura Salarial\u0026nbsp;\u003C\/em\u003E\u003Cspan\u003E(desarrollada en los a\u00f1os en que no se realiza la EES), la cual proporciona estimaciones.\u003Cstrong\u003E La fecha de la \u00faltima Encuesta de Estructura Salarial (EES) es 2018.\u003C\/strong\u003E\u003C\/span\u003E\u003C\/p\u003E\r\n\u003C\/div\u003E\n\n\u003C!-- END CUSTOM TEMPLATE OUTPUT from \u0027themes\/custom\/sub_noahs_theme\/templates\/form\/container.html.twig\u0027 --\u003E\n\n\u003C\/div\u003E\n\n\u003C!-- END CUSTOM TEMPLATE OUTPUT from \u0027themes\/custom\/sub_noahs_theme\/templates\/form\/container.html.twig\u0027 --\u003E\n\n\u003C\/div\u003E\n\n\u003C!-- END CUSTOM TEMPLATE OUTPUT from \u0027themes\/custom\/sub_noahs_theme\/templates\/form\/container.html.twig\u0027 --\u003E\n\n\n\n\u003C!-- THEME DEBUG --\u003E\n\u003C!-- THEME HOOK: \u0027container\u0027 --\u003E\n\u003C!-- \ud83d\udca1 BEGIN CUSTOM TEMPLATE OUTPUT from \u0027themes\/custom\/sub_noahs_theme\/templates\/form\/container.html.twig\u0027 --\u003E\n\u003Cdiv class=\u0022data-bank-indicator-footer mb-lg-0\u0022\u003E\u003C\/div\u003E\n\n\u003C!-- END CUSTOM TEMPLATE OUTPUT from \u0027themes\/custom\/sub_noahs_theme\/templates\/form\/container.html.twig\u0027 --\u003E\n\n\u003C\/div\u003E\n\n\u003C!-- END CUSTOM TEMPLATE OUTPUT from \u0027themes\/custom\/sub_noahs_theme\/templates\/form\/container.html.twig\u0027 --\u003E\n\n\u003C\/div\u003E\n\n\u003C!-- END CUSTOM TEMPLATE OUTPUT from \u0027themes\/custom\/sub_noahs_theme\/templates\/form\/container.html.twig\u0027 --\u003E\n\n","settings":null,"effect":"fade","speed":"slow"}]