[{"command":"insert","method":"replaceWith","selector":"#indicator-content-ajax","data":"\n\n\u003C!-- THEME DEBUG --\u003E\n\u003C!-- THEME HOOK: \u0027container\u0027 --\u003E\n\u003C!-- \ud83d\udca1 BEGIN CUSTOM TEMPLATE OUTPUT from \u0027themes\/custom\/sub_noahs_theme\/templates\/form\/container.html.twig\u0027 --\u003E\n\u003Cdiv id=\u0022indicator-content-ajax\u0022 class=\u0022database-indicators__content js-database-indicators__content  mb-lg-0\u0022\u003E\n\n\u003C!-- THEME DEBUG --\u003E\n\u003C!-- THEME HOOK: \u0027container\u0027 --\u003E\n\u003C!-- \ud83d\udca1 BEGIN CUSTOM TEMPLATE OUTPUT from \u0027themes\/custom\/sub_noahs_theme\/templates\/form\/container.html.twig\u0027 --\u003E\n\u003Cdiv class=\u0022data-bank-indicator mb-lg-0\u0022\u003E\n\n\u003C!-- THEME DEBUG --\u003E\n\u003C!-- THEME HOOK: \u0027container\u0027 --\u003E\n\u003C!-- \ud83d\udca1 BEGIN CUSTOM TEMPLATE OUTPUT from \u0027themes\/custom\/sub_noahs_theme\/templates\/form\/container.html.twig\u0027 --\u003E\n\u003Cdiv class=\u0022data-bank-indicator-header fs-2 lh-1 text-primary pb-4 mb-lg-0\u0022\u003E\u003Cp\u003E2.14.Tasa de baja intensidad laboral de las personas con discapacidad\u003C\/p\u003E\n\u003C\/div\u003E\n\n\u003C!-- END CUSTOM TEMPLATE OUTPUT from \u0027themes\/custom\/sub_noahs_theme\/templates\/form\/container.html.twig\u0027 --\u003E\n\n\n\n\u003C!-- THEME DEBUG --\u003E\n\u003C!-- THEME HOOK: \u0027container\u0027 --\u003E\n\u003C!-- \ud83d\udca1 BEGIN CUSTOM TEMPLATE OUTPUT from \u0027themes\/custom\/sub_noahs_theme\/templates\/form\/container.html.twig\u0027 --\u003E\n\u003Cdiv class=\u0022data-bank-indicator-content pb-2 mb-lg-0\u0022\u003E\n\n\u003C!-- THEME DEBUG --\u003E\n\u003C!-- THEME HOOK: \u0027container\u0027 --\u003E\n\u003C!-- \ud83d\udca1 BEGIN CUSTOM TEMPLATE OUTPUT from \u0027themes\/custom\/sub_noahs_theme\/templates\/form\/container.html.twig\u0027 --\u003E\n\u003Cdiv id=\u0022indicator-content-ajax\u0022 class=\u0022daba-bank-full-main  mb-lg-0\u0022\u003E\n\n\u003C!-- THEME DEBUG --\u003E\n\u003C!-- THEME HOOK: \u0027container\u0027 --\u003E\n\u003C!-- \ud83d\udca1 BEGIN CUSTOM TEMPLATE OUTPUT from \u0027themes\/custom\/sub_noahs_theme\/templates\/form\/container.html.twig\u0027 --\u003E\n\u003Cdiv class=\u0022data-bank-indicator-title text-uppercase fs-5 fw-bold pb-2 mb-lg-0\u0022\u003E\u003Cp\u003EDefinici\u00f3n y fuentes\u003C\/p\u003E\n\u003C\/div\u003E\n\n\u003C!-- END CUSTOM TEMPLATE OUTPUT from \u0027themes\/custom\/sub_noahs_theme\/templates\/form\/container.html.twig\u0027 --\u003E\n\n\n\n\u003C!-- THEME DEBUG --\u003E\n\u003C!-- THEME HOOK: \u0027container\u0027 --\u003E\n\u003C!-- \ud83d\udca1 BEGIN CUSTOM TEMPLATE OUTPUT from \u0027themes\/custom\/sub_noahs_theme\/templates\/form\/container.html.twig\u0027 --\u003E\n\u003Cdiv class=\u0022o-field-value mb-lg-0\u0022\u003E\u003Cp\u003EEste indicador expresa, como porcentaje con respecto a la poblaci\u00f3n con discapacidad, la proporci\u00f3n de personas de 18\u0026nbsp;a 64\u0026nbsp;a\u00f1os con discapacidad que viven en hogares con baja intensidad laboral, esto es, en los que sus miembros en edad de trabajar lo hicieron menos del 20% de su potencial total de trabajo.\u003C\/p\u003E\r\n\r\n\u003Cp\u003EGracias al m\u00f3dulo de salud introducido en la \u00faltima medici\u00f3n, es posible calcular discapacidad para personas menores de 16 a\u00f1os y poder comparar con el indicador utilizado en la Estrategia Europa 2020 (de 0 a 59 a\u00f1os) circunstancias que no se pod\u00eda hacer en ejercicios anteriores.\u0026nbsp; De manera an\u00e1loga a los mayores de 16 a\u00f1os para considerar persona con discapacidad se utiliza la pregunta: \u0022Durante al menos los \u00faltimos 6 meses, \u00bfen qu\u00e9 medida se ha visto limitado debido a un problema de salud para realizar las actividades que los ni\u00f1os habitualmente hacen?\u0022 siempre y cuando la respuesta sea gravemente limitado o limitado pero no gravemente.\u003C\/p\u003E\r\n\r\n\u003Cp\u003ELos datos recogidos provienen de la \u003Ca href=\u0022http:\/\/www.ine.es\/dyngs\/INEbase\/es\/operacion.htm?c=Estadistica_C\u0026amp;cid=1254736176807\u0026amp;menu=ultiDatos\u0026amp;idp=1254735976608\u0022 target=\u0022_blank\u0022\u003EEncuesta de Condiciones de Vida\u003C\/a\u003E del\u0026nbsp;INE y han sido extra\u00eddos a partir de los microdatos que incorpora la nueva metodolog\u00eda adoptada en 2013. El n\u00famero de personas con discapacidad se ha obtenido a partir del n\u00famero de personas mayores de 16 a\u00f1os que afirman haberse sentido limitadas (gravemente o no) para realizar las actividades que la gente habitualmente hace debido a un problema de salud.\u003C\/p\u003E\r\n\r\n\u003Cp\u003EDesde el a\u00f1o 2021 se incorporar cambios en la medici\u00f3n. Se precisa un poco mejor la definici\u00f3n: son los hogares en los que sus miembros en edad de trabajar (personas de 18 a 64 a\u00f1os, excluyendo los estudiantes de 18 a 24 a\u00f1os, los jubilados o retirados, as\u00ed como las personas inactivas entre 60 y 64 cuya fuente principal de ingresos del hogar sean las pensiones) lo hicieron menos del 20% del total de su potencial de trabajo durante el a\u00f1o de referencia. Esta variable no se aplica en el caso de las personas de 65 y m\u00e1s a\u00f1os.\u003C\/p\u003E\r\n\r\n\u003Cp\u003ELa comparativa europea procede de EUROSTAT, en concreto de la fuente hom\u00f3loga a nivel europeo, las estad\u00edsticas de la Uni\u00f3n Europea sobre la Renta y las Condiciones de Vida \u2013\u003Ca href=\u0022https:\/\/ec.europa.eu\/eurostat\/web\/income-and-living-conditions\/data\u0022 target=\u0022_blank\u0022\u003EStatistics on Income and Living Conditions\u003C\/a\u003E\u003Cspan\u003E\u0026nbsp;\u003C\/span\u003E(EU-SILC)\u2013.\u003C\/p\u003E\r\n\u003C\/div\u003E\n\n\u003C!-- END CUSTOM TEMPLATE OUTPUT from \u0027themes\/custom\/sub_noahs_theme\/templates\/form\/container.html.twig\u0027 --\u003E\n\n\u003C\/div\u003E\n\n\u003C!-- END CUSTOM TEMPLATE OUTPUT from \u0027themes\/custom\/sub_noahs_theme\/templates\/form\/container.html.twig\u0027 --\u003E\n\n\u003C\/div\u003E\n\n\u003C!-- END CUSTOM TEMPLATE OUTPUT from \u0027themes\/custom\/sub_noahs_theme\/templates\/form\/container.html.twig\u0027 --\u003E\n\n\n\n\u003C!-- THEME DEBUG --\u003E\n\u003C!-- THEME HOOK: \u0027container\u0027 --\u003E\n\u003C!-- \ud83d\udca1 BEGIN CUSTOM TEMPLATE OUTPUT from \u0027themes\/custom\/sub_noahs_theme\/templates\/form\/container.html.twig\u0027 --\u003E\n\u003Cdiv class=\u0022data-bank-indicator-footer mb-lg-0\u0022\u003E\u003C\/div\u003E\n\n\u003C!-- END CUSTOM TEMPLATE OUTPUT from \u0027themes\/custom\/sub_noahs_theme\/templates\/form\/container.html.twig\u0027 --\u003E\n\n\u003C\/div\u003E\n\n\u003C!-- END CUSTOM TEMPLATE OUTPUT from \u0027themes\/custom\/sub_noahs_theme\/templates\/form\/container.html.twig\u0027 --\u003E\n\n\u003C\/div\u003E\n\n\u003C!-- END CUSTOM TEMPLATE OUTPUT from \u0027themes\/custom\/sub_noahs_theme\/templates\/form\/container.html.twig\u0027 --\u003E\n\n","settings":null,"effect":"fade","speed":"slow"}]