[{"command":"insert","method":"replaceWith","selector":"#indicator-content-ajax","data":"\n\n\u003C!-- THEME DEBUG --\u003E\n\u003C!-- THEME HOOK: \u0027container\u0027 --\u003E\n\u003C!-- \ud83d\udca1 BEGIN CUSTOM TEMPLATE OUTPUT from \u0027themes\/custom\/sub_noahs_theme\/templates\/form\/container.html.twig\u0027 --\u003E\n\u003Cdiv id=\u0022indicator-content-ajax\u0022 class=\u0022database-indicators__content js-database-indicators__content  mb-lg-0\u0022\u003E\n\n\u003C!-- THEME DEBUG --\u003E\n\u003C!-- THEME HOOK: \u0027container\u0027 --\u003E\n\u003C!-- \ud83d\udca1 BEGIN CUSTOM TEMPLATE OUTPUT from \u0027themes\/custom\/sub_noahs_theme\/templates\/form\/container.html.twig\u0027 --\u003E\n\u003Cdiv class=\u0022data-bank-indicator mb-lg-0\u0022\u003E\n\n\u003C!-- THEME DEBUG --\u003E\n\u003C!-- THEME HOOK: \u0027container\u0027 --\u003E\n\u003C!-- \ud83d\udca1 BEGIN CUSTOM TEMPLATE OUTPUT from \u0027themes\/custom\/sub_noahs_theme\/templates\/form\/container.html.twig\u0027 --\u003E\n\u003Cdiv class=\u0022data-bank-indicator-header fs-2 lh-1 text-primary pb-4 mb-lg-0\u0022\u003E\u003Cp\u003E2.15.Tasa de riesgo de pobreza o exclusi\u00f3n social (AROPE) de la poblaci\u00f3n con discapacidad\u003C\/p\u003E\n\u003C\/div\u003E\n\n\u003C!-- END CUSTOM TEMPLATE OUTPUT from \u0027themes\/custom\/sub_noahs_theme\/templates\/form\/container.html.twig\u0027 --\u003E\n\n\n\n\u003C!-- THEME DEBUG --\u003E\n\u003C!-- THEME HOOK: \u0027container\u0027 --\u003E\n\u003C!-- \ud83d\udca1 BEGIN CUSTOM TEMPLATE OUTPUT from \u0027themes\/custom\/sub_noahs_theme\/templates\/form\/container.html.twig\u0027 --\u003E\n\u003Cdiv class=\u0022data-bank-indicator-content pb-2 mb-lg-0\u0022\u003E\n\n\u003C!-- THEME DEBUG --\u003E\n\u003C!-- THEME HOOK: \u0027container\u0027 --\u003E\n\u003C!-- \ud83d\udca1 BEGIN CUSTOM TEMPLATE OUTPUT from \u0027themes\/custom\/sub_noahs_theme\/templates\/form\/container.html.twig\u0027 --\u003E\n\u003Cdiv id=\u0022indicator-content-ajax\u0022 class=\u0022daba-bank-full-main  mb-lg-0\u0022\u003E\n\n\u003C!-- THEME DEBUG --\u003E\n\u003C!-- THEME HOOK: \u0027container\u0027 --\u003E\n\u003C!-- \ud83d\udca1 BEGIN CUSTOM TEMPLATE OUTPUT from \u0027themes\/custom\/sub_noahs_theme\/templates\/form\/container.html.twig\u0027 --\u003E\n\u003Cdiv class=\u0022data-bank-indicator-title text-uppercase fs-5 fw-bold pb-2 mb-lg-0\u0022\u003E\u003Cp\u003EDefinici\u00f3n y fuentes\u003C\/p\u003E\n\u003C\/div\u003E\n\n\u003C!-- END CUSTOM TEMPLATE OUTPUT from \u0027themes\/custom\/sub_noahs_theme\/templates\/form\/container.html.twig\u0027 --\u003E\n\n\n\n\u003C!-- THEME DEBUG --\u003E\n\u003C!-- THEME HOOK: \u0027container\u0027 --\u003E\n\u003C!-- \ud83d\udca1 BEGIN CUSTOM TEMPLATE OUTPUT from \u0027themes\/custom\/sub_noahs_theme\/templates\/form\/container.html.twig\u0027 --\u003E\n\u003Cdiv class=\u0022o-field-value mb-lg-0\u0022\u003E\u003Cp\u003ELa tasa de riesgo de pobreza o exclusi\u00f3n social (AROPE) de la poblaci\u00f3n con discapacidad (AROPE por sus siglas en ingl\u00e9s at risk of poverty and exclusion), expresa la proporci\u00f3n de personas afectadas por al menos una de las siguientes situaciones:\u003C\/p\u003E\r\n\r\n\u003Col\u003E\r\n\t\u003Cli\u003ERiesgo de pobreza (60% mediana de los ingresos por unidad de consumo).\u003C\/li\u003E\r\n\t\u003Cli\u003ECarencia\u0026nbsp;material y social severa (con carencia en al menos 7\u0026nbsp;conceptos de una lista de 13).\u003C\/li\u003E\r\n\t\u003Cli\u003EBaja intensidad laboral (personas de 18\u0026nbsp;a 64\u0026nbsp;a\u00f1os en hogares con una intensidad laboral menor del 20%).\u003C\/li\u003E\r\n\u003C\/ol\u003E\r\n\r\n\u003Cp\u003ESe trata de un nuevo indicador, creado en el marco de la Estrategia Europa 2020, que trata de superar la medici\u00f3n de la pobreza basada \u00fanicamente en aspectos monetarios, como la cl\u00e1sica tasa de riesgo de pobreza, y a\u00f1adir a este elemento factores como la exclusi\u00f3n de los hogares para acceder a determinados bienes, o su exclusi\u00f3n del mercado de trabajo.\u003C\/p\u003E\r\n\r\n\u003Cp\u003ELos datos recogidos provienen de la\u003Cspan\u003E\u0026nbsp;\u003C\/span\u003E\u003Ca href=\u0022http:\/\/www.ine.es\/dyngs\/INEbase\/es\/operacion.htm?c=Estadistica_C\u0026amp;cid=1254736176807\u0026amp;menu=ultiDatos\u0026amp;idp=1254735976608\u0022 target=\u0022_blank\u0022\u003EEncuesta de Condiciones de Vida\u003C\/a\u003E\u003Cspan\u003E\u0026nbsp;\u003C\/span\u003Edel INE\u003Cspan\u003E \u003C\/span\u003Ey han sido extra\u00eddos a partir de los microdatos que incorporan la nueva metodolog\u00eda adoptada en 2013. El n\u00famero de personas con discapacidad se ha obtenido a partir del n\u00famero de personas mayores de 16 a\u00f1os que afirman haberse sentido limitadas (gravemente o no) para realizar las actividades que la gente habitualmente hace debido a un problema de salud.\u003C\/p\u003E\r\n\r\n\u003Cp\u003ELa comparativa europea procede de EUROSTAT, en concreto de la fuente hom\u00f3loga a nivel europeo, las estad\u00edsticas de la Uni\u00f3n Europea sobre la Renta y las Condiciones de Vida \u2013\u003Ca href=\u0022https:\/\/ec.europa.eu\/eurostat\/web\/income-and-living-conditions\/data\u0022 target=\u0022_blank\u0022\u003EStatistics on Income and Living Conditions\u003C\/a\u003E\u003Cspan\u003E\u0026nbsp;\u003C\/span\u003E(EU-SILC)\u2013.\u003C\/p\u003E\r\n\u003C\/div\u003E\n\n\u003C!-- END CUSTOM TEMPLATE OUTPUT from \u0027themes\/custom\/sub_noahs_theme\/templates\/form\/container.html.twig\u0027 --\u003E\n\n\u003C\/div\u003E\n\n\u003C!-- END CUSTOM TEMPLATE OUTPUT from \u0027themes\/custom\/sub_noahs_theme\/templates\/form\/container.html.twig\u0027 --\u003E\n\n\u003C\/div\u003E\n\n\u003C!-- END CUSTOM TEMPLATE OUTPUT from \u0027themes\/custom\/sub_noahs_theme\/templates\/form\/container.html.twig\u0027 --\u003E\n\n\n\n\u003C!-- THEME DEBUG --\u003E\n\u003C!-- THEME HOOK: \u0027container\u0027 --\u003E\n\u003C!-- \ud83d\udca1 BEGIN CUSTOM TEMPLATE OUTPUT from \u0027themes\/custom\/sub_noahs_theme\/templates\/form\/container.html.twig\u0027 --\u003E\n\u003Cdiv class=\u0022data-bank-indicator-footer mb-lg-0\u0022\u003E\u003C\/div\u003E\n\n\u003C!-- END CUSTOM TEMPLATE OUTPUT from \u0027themes\/custom\/sub_noahs_theme\/templates\/form\/container.html.twig\u0027 --\u003E\n\n\u003C\/div\u003E\n\n\u003C!-- END CUSTOM TEMPLATE OUTPUT from \u0027themes\/custom\/sub_noahs_theme\/templates\/form\/container.html.twig\u0027 --\u003E\n\n\u003C\/div\u003E\n\n\u003C!-- END CUSTOM TEMPLATE OUTPUT from \u0027themes\/custom\/sub_noahs_theme\/templates\/form\/container.html.twig\u0027 --\u003E\n\n","settings":null,"effect":"fade","speed":"slow"}]