[{"command":"insert","method":"replaceWith","selector":"#indicator-content-ajax","data":"\n\n\u003C!-- THEME DEBUG --\u003E\n\u003C!-- THEME HOOK: \u0027container\u0027 --\u003E\n\u003C!-- \ud83d\udca1 BEGIN CUSTOM TEMPLATE OUTPUT from \u0027themes\/custom\/sub_noahs_theme\/templates\/form\/container.html.twig\u0027 --\u003E\n\u003Cdiv id=\u0022indicator-content-ajax\u0022 class=\u0022database-indicators__content js-database-indicators__content  mb-lg-0\u0022\u003E\n\n\u003C!-- THEME DEBUG --\u003E\n\u003C!-- THEME HOOK: \u0027container\u0027 --\u003E\n\u003C!-- \ud83d\udca1 BEGIN CUSTOM TEMPLATE OUTPUT from \u0027themes\/custom\/sub_noahs_theme\/templates\/form\/container.html.twig\u0027 --\u003E\n\u003Cdiv class=\u0022data-bank-indicator mb-lg-0\u0022\u003E\n\n\u003C!-- THEME DEBUG --\u003E\n\u003C!-- THEME HOOK: \u0027container\u0027 --\u003E\n\u003C!-- \ud83d\udca1 BEGIN CUSTOM TEMPLATE OUTPUT from \u0027themes\/custom\/sub_noahs_theme\/templates\/form\/container.html.twig\u0027 --\u003E\n\u003Cdiv class=\u0022data-bank-indicator-header fs-2 lh-1 text-primary pb-4 mb-lg-0\u0022\u003E\u003Cp\u003E4.04. Beneficiarios y ayudas concedidas a la integraci\u00f3n laboral de personas con discapacidad\u003C\/p\u003E\n\u003C\/div\u003E\n\n\u003C!-- END CUSTOM TEMPLATE OUTPUT from \u0027themes\/custom\/sub_noahs_theme\/templates\/form\/container.html.twig\u0027 --\u003E\n\n\n\n\u003C!-- THEME DEBUG --\u003E\n\u003C!-- THEME HOOK: \u0027container\u0027 --\u003E\n\u003C!-- \ud83d\udca1 BEGIN CUSTOM TEMPLATE OUTPUT from \u0027themes\/custom\/sub_noahs_theme\/templates\/form\/container.html.twig\u0027 --\u003E\n\u003Cdiv class=\u0022data-bank-indicator-content pb-2 mb-lg-0\u0022\u003E\n\n\u003C!-- THEME DEBUG --\u003E\n\u003C!-- THEME HOOK: \u0027container\u0027 --\u003E\n\u003C!-- \ud83d\udca1 BEGIN CUSTOM TEMPLATE OUTPUT from \u0027themes\/custom\/sub_noahs_theme\/templates\/form\/container.html.twig\u0027 --\u003E\n\u003Cdiv id=\u0022indicator-content-ajax\u0022 class=\u0022daba-bank-full-main  mb-lg-0\u0022\u003E\n\n\u003C!-- THEME DEBUG --\u003E\n\u003C!-- THEME HOOK: \u0027container\u0027 --\u003E\n\u003C!-- \ud83d\udca1 BEGIN CUSTOM TEMPLATE OUTPUT from \u0027themes\/custom\/sub_noahs_theme\/templates\/form\/container.html.twig\u0027 --\u003E\n\u003Cdiv class=\u0022data-bank-indicator-title text-uppercase fs-5 fw-bold pb-2 mb-lg-0\u0022\u003E\u003Cp\u003EDefinici\u00f3n y fuentes\u003C\/p\u003E\n\u003C\/div\u003E\n\n\u003C!-- END CUSTOM TEMPLATE OUTPUT from \u0027themes\/custom\/sub_noahs_theme\/templates\/form\/container.html.twig\u0027 --\u003E\n\n\n\n\u003C!-- THEME DEBUG --\u003E\n\u003C!-- THEME HOOK: \u0027container\u0027 --\u003E\n\u003C!-- \ud83d\udca1 BEGIN CUSTOM TEMPLATE OUTPUT from \u0027themes\/custom\/sub_noahs_theme\/templates\/form\/container.html.twig\u0027 --\u003E\n\u003Cdiv class=\u0022o-field-value mb-lg-0\u0022\u003E\u003Cp\u003EEste indicador recoge el n\u00famero de beneficiarios y ayudas concedidas a la integraci\u00f3n laboral de personas con discapacidad, tanto en Centros Especiales de Empleo como en empresa ordinaria, tipo de ayudas cuya definici\u00f3n y caracter\u00edsticas hemos recogido en el indicador 4.3. Para a\u00f1os anteriores a 2012 no se recoge el n\u00famero de beneficiarios sino el n\u00famero de ayudas concedidas.\u003C\/p\u003E\r\n\r\n\u003Cp\u003ELa fuente de la que se obtienen los datos es el \u003Ca href=\u0022http:\/\/www.mitramiss.gob.es\/es\/estadisticas\/anuarios\/index.htm\u0022 target=\u0022_blank\u0022\u003EAnuario de Estad\u00edsticas del Ministerio de T\u003C\/a\u003E\u003Ca href=\u0022https:\/\/www.mites.gob.es\/es\/estadisticas\/anuarios\/index.htm\u0022 target=\u0022_blank\u0022\u003Erabajo y Econom\u00eda Social\u003C\/a\u003E. A partir del a\u00f1o 2012 la informaci\u00f3n ha sido facilitada por el Servicio P\u00fablico de Empleo Estatal (SPEE). En a\u00f1os anteriores a 2012 esta informaci\u00f3n proced\u00eda de la unidad administrativa correspondiente de las comunidades aut\u00f3nomas que ten\u00edan transferida la gesti\u00f3n.\u003C\/p\u003E\r\n\r\n\u003Cp\u003EEl anuario estad\u00edstico recopila los principales datos sociolaborales de Espa\u00f1a sobre los siguientes temas: Mercado de Trabajo, Inmigraci\u00f3n y Emigraci\u00f3n, Formaci\u00f3n Profesional y Medidas de Apoyo al Empleo; Condiciones de Trabajo y Relaciones Laborales y Prestaciones de Seguridad Social y otra Protecci\u00f3n Social.\u0026nbsp;\u003C\/p\u003E\r\n\r\n\u003Cp\u003EReal Decreto 170\/2004, de 30 de enero, de medidas de fomento del empleo para trabajadores con discapacidad. Real Decreto 290\/2004, \u0026nbsp;de 20 de febrero (BOE de 21 de febrero de 2004), \u0026nbsp; que \u0026nbsp;regula los enclaves laborales como medida de fomento del empleo para personas con discapacidad. Real Decreto 469\/2006, de 21 de abril (BOE de 22 de abril de 2006), que regula las unidades de apoyo a la actividad profesional en el marco de los servicios de ajuste personal y social de los centros especiales de empleo. Real Decreto 870\/2007, de 2 de julio (BOE de 14 de julio de 2007), por el que se regula el programa de empleo con apoyo como medida de fomento de empleo de personas con discapacidad en el mercado ordinario de trabajo. Ley 27\/2009, de 30 de diciembre -BOE de 31 de diciembre de 2009-, que incrementa del 50% al 75% del Salario M\u00ednimo Interprofesional (SMI) la subvenci\u00f3n por el mantenimiento del puesto de trabajo de cada trabajador discapacitado en un centro especial de empleo.\u003C\/p\u003E\r\n\u003C\/div\u003E\n\n\u003C!-- END CUSTOM TEMPLATE OUTPUT from \u0027themes\/custom\/sub_noahs_theme\/templates\/form\/container.html.twig\u0027 --\u003E\n\n\u003C\/div\u003E\n\n\u003C!-- END CUSTOM TEMPLATE OUTPUT from \u0027themes\/custom\/sub_noahs_theme\/templates\/form\/container.html.twig\u0027 --\u003E\n\n\u003C\/div\u003E\n\n\u003C!-- END CUSTOM TEMPLATE OUTPUT from \u0027themes\/custom\/sub_noahs_theme\/templates\/form\/container.html.twig\u0027 --\u003E\n\n\n\n\u003C!-- THEME DEBUG --\u003E\n\u003C!-- THEME HOOK: \u0027container\u0027 --\u003E\n\u003C!-- \ud83d\udca1 BEGIN CUSTOM TEMPLATE OUTPUT from \u0027themes\/custom\/sub_noahs_theme\/templates\/form\/container.html.twig\u0027 --\u003E\n\u003Cdiv class=\u0022data-bank-indicator-footer mb-lg-0\u0022\u003E\u003C\/div\u003E\n\n\u003C!-- END CUSTOM TEMPLATE OUTPUT from \u0027themes\/custom\/sub_noahs_theme\/templates\/form\/container.html.twig\u0027 --\u003E\n\n\u003C\/div\u003E\n\n\u003C!-- END CUSTOM TEMPLATE OUTPUT from \u0027themes\/custom\/sub_noahs_theme\/templates\/form\/container.html.twig\u0027 --\u003E\n\n\u003C\/div\u003E\n\n\u003C!-- END CUSTOM TEMPLATE OUTPUT from \u0027themes\/custom\/sub_noahs_theme\/templates\/form\/container.html.twig\u0027 --\u003E\n\n","settings":null,"effect":"fade","speed":"slow"}]