[{"command":"insert","method":"replaceWith","selector":"#indicator-content-ajax","data":"\n\n\u003C!-- THEME DEBUG --\u003E\n\u003C!-- THEME HOOK: \u0027container\u0027 --\u003E\n\u003C!-- \ud83d\udca1 BEGIN CUSTOM TEMPLATE OUTPUT from \u0027themes\/custom\/sub_noahs_theme\/templates\/form\/container.html.twig\u0027 --\u003E\n\u003Cdiv id=\u0022indicator-content-ajax\u0022 class=\u0022database-indicators__content js-database-indicators__content  mb-lg-0\u0022\u003E\n\n\u003C!-- THEME DEBUG --\u003E\n\u003C!-- THEME HOOK: \u0027container\u0027 --\u003E\n\u003C!-- \ud83d\udca1 BEGIN CUSTOM TEMPLATE OUTPUT from \u0027themes\/custom\/sub_noahs_theme\/templates\/form\/container.html.twig\u0027 --\u003E\n\u003Cdiv class=\u0022data-bank-indicator mb-lg-0\u0022\u003E\n\n\u003C!-- THEME DEBUG --\u003E\n\u003C!-- THEME HOOK: \u0027container\u0027 --\u003E\n\u003C!-- \ud83d\udca1 BEGIN CUSTOM TEMPLATE OUTPUT from \u0027themes\/custom\/sub_noahs_theme\/templates\/form\/container.html.twig\u0027 --\u003E\n\u003Cdiv class=\u0022data-bank-indicator-header fs-2 lh-1 text-primary pb-4 mb-lg-0\u0022\u003E\u003Cp\u003E4.08.Personas asalariadas que cotizan en empresas de 50 o m\u00e1s trabajadores, en funci\u00f3n del grado de cumplimiento de la cuota de reserva de personas con discapacidad\u003C\/p\u003E\n\u003C\/div\u003E\n\n\u003C!-- END CUSTOM TEMPLATE OUTPUT from \u0027themes\/custom\/sub_noahs_theme\/templates\/form\/container.html.twig\u0027 --\u003E\n\n\n\n\u003C!-- THEME DEBUG --\u003E\n\u003C!-- THEME HOOK: \u0027container\u0027 --\u003E\n\u003C!-- \ud83d\udca1 BEGIN CUSTOM TEMPLATE OUTPUT from \u0027themes\/custom\/sub_noahs_theme\/templates\/form\/container.html.twig\u0027 --\u003E\n\u003Cdiv class=\u0022data-bank-indicator-content pb-2 mb-lg-0\u0022\u003E\n\n\u003C!-- THEME DEBUG --\u003E\n\u003C!-- THEME HOOK: \u0027container\u0027 --\u003E\n\u003C!-- \ud83d\udca1 BEGIN CUSTOM TEMPLATE OUTPUT from \u0027themes\/custom\/sub_noahs_theme\/templates\/form\/container.html.twig\u0027 --\u003E\n\u003Cdiv id=\u0022indicator-content-ajax\u0022 class=\u0022daba-bank-full-main  mb-lg-0\u0022\u003E\n\n\u003C!-- THEME DEBUG --\u003E\n\u003C!-- THEME HOOK: \u0027container\u0027 --\u003E\n\u003C!-- \ud83d\udca1 BEGIN CUSTOM TEMPLATE OUTPUT from \u0027themes\/custom\/sub_noahs_theme\/templates\/form\/container.html.twig\u0027 --\u003E\n\u003Cdiv class=\u0022data-bank-indicator-title text-uppercase fs-5 fw-bold pb-2 mb-lg-0\u0022\u003E\u003Cp\u003EDefinici\u00f3n y fuentes\u003C\/p\u003E\n\u003C\/div\u003E\n\n\u003C!-- END CUSTOM TEMPLATE OUTPUT from \u0027themes\/custom\/sub_noahs_theme\/templates\/form\/container.html.twig\u0027 --\u003E\n\n\n\n\u003C!-- THEME DEBUG --\u003E\n\u003C!-- THEME HOOK: \u0027container\u0027 --\u003E\n\u003C!-- \ud83d\udca1 BEGIN CUSTOM TEMPLATE OUTPUT from \u0027themes\/custom\/sub_noahs_theme\/templates\/form\/container.html.twig\u0027 --\u003E\n\u003Cdiv class=\u0022o-field-value mb-lg-0\u0022\u003E\u003Cp\u003EEste indicador recoge la distribuci\u00f3n de las personas asalariadas que cotizan en empresas de 50 o m\u00e1s trabajadores, exceptuando Centros Especiales de Empleo, en funci\u00f3n del porcentaje de personas con discapacidad que trabajan en la empresa, al objeto de valorar si \u00e9stas cumplen o no con la cuota de reserva que establece la normativa (al menos el 2% de trabajadores con discapacidad para las plantillas de m\u00e1s de 50 trabajadores). Se consideran personas con discapacidad oficialmente reconocida a aquellas con un grado de discapacidad superior o igual al 33% m\u00e1s, pensionistas de la Seguridad Social que tengan reconocida una pensi\u00f3n de incapacidad permanente en el grado total, absoluta o gran invalidez y pensionistas de clases pasivas que tengan reconocida una pensi\u00f3n de jubilaci\u00f3n o de retiro por incapacidad permanente para el servicio, en virtud del Real Decreto Legislativo 1\/2013. En este caso, los datos se refieren \u00fanicamente a asalariados que cotizan a la Seguridad Social y lo hacen en centros ordinarios. Se excluyen los Centros especiales de empleo y a los funcionarios que cotizan a las mutualidades del Estado.\u003C\/p\u003E\r\n\r\n\u003Cp\u003ELa fuente utilizada es la serie \u0026nbsp;\u003Ca name=\u0022Enlace_INE\u0022\u003E\u003C\/a\u003E\u003Ca href=\u0022http:\/\/www.ine.es\/dyngs\/INEbase\/es\/operacion.htm?c=Estadistica_C\u0026amp;cid=1254736055502\u0026amp;menu=ultiDatos\u0026amp;idp=1254735976595\u0022 target=\u0022_blank\u0022\u003EEl empleo de las personas con discapacidad\u003C\/a\u003E\u0026nbsp;del Instituto Nacional de Estad\u00edstica, que utiliza la informaci\u00f3n derivada de la integraci\u00f3n de datos estad\u00edsticos de la Encuesta de Poblaci\u00f3n Activa (EPA) con los administrativos registrados en la Base de Datos Estatal de Personas con Discapacidad (BEPD). Incorpora adem\u00e1s datos sobre medidas de fomento de empleo procedentes de la Tesorer\u00eda General de la Seguridad Social (TGSS), informaci\u00f3n sobre precepci\u00f3n de prestaciones procedente del Registro de Prestaciones Sociales P\u00fablicas \u0026nbsp;del Instituto Nacional de Seguridad Social (INSS) y datos sobre dependencia del Sistema para la Autonom\u00eda y Atenci\u00f3n a la Dependencia (SAAD).\u003C\/p\u003E\r\n\r\n\u003Cp\u003EEsta fuente estad\u00edstica efectu\u00f3 un cambio metodol\u00f3gico que afecta a los datos de la serie desde el a\u00f1o 2014 en adelante. Se conservan en determinados apartados datos anteriores, simplemente a nivel informativo dado que no son comparables.\u003C\/p\u003E\r\n\u003C\/div\u003E\n\n\u003C!-- END CUSTOM TEMPLATE OUTPUT from \u0027themes\/custom\/sub_noahs_theme\/templates\/form\/container.html.twig\u0027 --\u003E\n\n\u003C\/div\u003E\n\n\u003C!-- END CUSTOM TEMPLATE OUTPUT from \u0027themes\/custom\/sub_noahs_theme\/templates\/form\/container.html.twig\u0027 --\u003E\n\n\u003C\/div\u003E\n\n\u003C!-- END CUSTOM TEMPLATE OUTPUT from \u0027themes\/custom\/sub_noahs_theme\/templates\/form\/container.html.twig\u0027 --\u003E\n\n\n\n\u003C!-- THEME DEBUG --\u003E\n\u003C!-- THEME HOOK: \u0027container\u0027 --\u003E\n\u003C!-- \ud83d\udca1 BEGIN CUSTOM TEMPLATE OUTPUT from \u0027themes\/custom\/sub_noahs_theme\/templates\/form\/container.html.twig\u0027 --\u003E\n\u003Cdiv class=\u0022data-bank-indicator-footer mb-lg-0\u0022\u003E\u003C\/div\u003E\n\n\u003C!-- END CUSTOM TEMPLATE OUTPUT from \u0027themes\/custom\/sub_noahs_theme\/templates\/form\/container.html.twig\u0027 --\u003E\n\n\u003C\/div\u003E\n\n\u003C!-- END CUSTOM TEMPLATE OUTPUT from \u0027themes\/custom\/sub_noahs_theme\/templates\/form\/container.html.twig\u0027 --\u003E\n\n\u003C\/div\u003E\n\n\u003C!-- END CUSTOM TEMPLATE OUTPUT from \u0027themes\/custom\/sub_noahs_theme\/templates\/form\/container.html.twig\u0027 --\u003E\n\n","settings":null,"effect":"fade","speed":"slow"}]