[{"command":"insert","method":"replaceWith","selector":"#indicator-content-ajax","data":"\n\n\u003C!-- THEME DEBUG --\u003E\n\u003C!-- THEME HOOK: \u0027container\u0027 --\u003E\n\u003C!-- \ud83d\udca1 BEGIN CUSTOM TEMPLATE OUTPUT from \u0027themes\/custom\/sub_noahs_theme\/templates\/form\/container.html.twig\u0027 --\u003E\n\u003Cdiv id=\u0022indicator-content-ajax\u0022 class=\u0022database-indicators__content js-database-indicators__content  mb-lg-0\u0022\u003E\n\n\u003C!-- THEME DEBUG --\u003E\n\u003C!-- THEME HOOK: \u0027container\u0027 --\u003E\n\u003C!-- \ud83d\udca1 BEGIN CUSTOM TEMPLATE OUTPUT from \u0027themes\/custom\/sub_noahs_theme\/templates\/form\/container.html.twig\u0027 --\u003E\n\u003Cdiv class=\u0022data-bank-indicator mb-lg-0\u0022\u003E\n\n\u003C!-- THEME DEBUG --\u003E\n\u003C!-- THEME HOOK: \u0027container\u0027 --\u003E\n\u003C!-- \ud83d\udca1 BEGIN CUSTOM TEMPLATE OUTPUT from \u0027themes\/custom\/sub_noahs_theme\/templates\/form\/container.html.twig\u0027 --\u003E\n\u003Cdiv class=\u0022data-bank-indicator-header fs-2 lh-1 text-primary pb-4 mb-lg-0\u0022\u003E\u003Cp\u003E5.01. Pensiones contributivas: Incapacidad permanente\u003C\/p\u003E\n\u003C\/div\u003E\n\n\u003C!-- END CUSTOM TEMPLATE OUTPUT from \u0027themes\/custom\/sub_noahs_theme\/templates\/form\/container.html.twig\u0027 --\u003E\n\n\n\n\u003C!-- THEME DEBUG --\u003E\n\u003C!-- THEME HOOK: \u0027container\u0027 --\u003E\n\u003C!-- \ud83d\udca1 BEGIN CUSTOM TEMPLATE OUTPUT from \u0027themes\/custom\/sub_noahs_theme\/templates\/form\/container.html.twig\u0027 --\u003E\n\u003Cdiv class=\u0022data-bank-indicator-content pb-2 mb-lg-0\u0022\u003E\n\n\u003C!-- THEME DEBUG --\u003E\n\u003C!-- THEME HOOK: \u0027container\u0027 --\u003E\n\u003C!-- \ud83d\udca1 BEGIN CUSTOM TEMPLATE OUTPUT from \u0027themes\/custom\/sub_noahs_theme\/templates\/form\/container.html.twig\u0027 --\u003E\n\u003Cdiv id=\u0022indicator-content-ajax\u0022 class=\u0022daba-bank-full-main  mb-lg-0\u0022\u003E\n\n\u003C!-- THEME DEBUG --\u003E\n\u003C!-- THEME HOOK: \u0027container\u0027 --\u003E\n\u003C!-- \ud83d\udca1 BEGIN CUSTOM TEMPLATE OUTPUT from \u0027themes\/custom\/sub_noahs_theme\/templates\/form\/container.html.twig\u0027 --\u003E\n\u003Cdiv class=\u0022data-bank-indicator-title text-uppercase fs-5 fw-bold pb-2 mb-lg-0\u0022\u003E\u003Cp\u003EDefinici\u00f3n y fuentes\u003C\/p\u003E\n\u003C\/div\u003E\n\n\u003C!-- END CUSTOM TEMPLATE OUTPUT from \u0027themes\/custom\/sub_noahs_theme\/templates\/form\/container.html.twig\u0027 --\u003E\n\n\n\n\u003C!-- THEME DEBUG --\u003E\n\u003C!-- THEME HOOK: \u0027container\u0027 --\u003E\n\u003C!-- \ud83d\udca1 BEGIN CUSTOM TEMPLATE OUTPUT from \u0027themes\/custom\/sub_noahs_theme\/templates\/form\/container.html.twig\u0027 --\u003E\n\u003Cdiv class=\u0022o-field-value mb-lg-0\u0022\u003E\u003Cp\u003EEste indicador recoge el importe medio de las \u003Cstrong\u003Epensiones contributivas\u003C\/strong\u003E y su\u0026nbsp;n\u00famero en la modalidad de prestaciones por incapacidad permanente de la Seguridad Social. Las pensiones contributivas por incapacidad permanente son aquellas percibidas por trabajadores con reducciones anat\u00f3micas o funcionales graves, que disminuyen o anulan su capacidad laboral. La incapacidad permanente se clasifica en: Incapacidad permanente parcial para la profesi\u00f3n habitual, incapacidad permanente total para la profesi\u00f3n habitual, incapacidad permanente absoluta para todo trabajo y gran invalidez (cuando el trabajador con incapacidad permanente necesita la asistencia de otra persona para los actos m\u00e1s esenciales de la vida).\u003C\/p\u003E\u003Cp\u003ELa fuente utilizada ha sido el\u0026nbsp;\u003Ca href=\u0022https:\/\/www.mites.gob.es\/es\/estadisticas\/contenidos\/anuario.htm\u0022 target=\u0022_blank\u0022\u003EAnuario de Estad\u00edsticas del Ministerio de Empleo y Seguridad Social\u003C\/a\u003E. Los datos europeos se han recogido de Eurostat, del\u003Cspan\u003E \u003C\/span\u003E\u003Ca href=\u0022https:\/\/ec.europa.eu\/eurostat\/web\/social-protection\/data\/main-tables\u0022 target=\u0022_blank\u0022\u003ESistema Europeo de Estad\u00edsticas Integradas de Protecci\u00f3n Social (SEEPROS).\u003C\/a\u003E\u003C\/p\u003E\u003Cp\u003ELos datos del anuario proceden y han sido elaborados por el Instituto Nacional de la Seguridad Social (INSS), que los obtiene mediante la explotaci\u00f3n del fichero de gesti\u00f3n de estas pensiones. Para una mayor informaci\u00f3n sobre Pensiones Contributivas puede acceder a la p\u00e1gina web \u003Ca href=\u0022https:\/\/sede.seg-social.gob.es\/wps\/portal\/sede\/sede\/Ciudadanos\/CiudadanoDetalle\/!ut\/p\/z1\/pVRNc5swEP0tPeSo0eoDIR1xx4PtQDyOQ2x08RAQttpYODF12vz6QJtpMu0YkkEnSex7-_ZpF6zxGmuXnew2q23lsvvmnGqxYURwooBEIUzHECTxZaLYgoVTgle_A-DMCgDrDjwVr_gzAaBIH_4Wa6xzVx_qHU6PpjCbvHK1cbaojhfQXlxAbn8UWZG59uZg3LEpzTRbCkRx3uIPuS1wKijNBZE-Mkp5iBtg6O5OKEQokaXnCclV1q23FaQ_4tfZeof51SbQ3c-xauvtUdDHoftEpo1I_y0AIGxwyQiWt0AJhAyvTtY84cRVj_umyZZvb5AzyrK8JIjlhiNe-hwpWpSIS1pKYTyPcoUn8G-GkCy8NsNcTq8XBKQ_MMMfem8ugcyARiBiCYFaLJPoijDw-UD6WZ-BzdjZbw8POmh6u23nnzVef665gf09tGz0Mf4abxuRWb1D1pUVXr_7_j74P2dHHAIyvxF0MiYw7yj9Q_PT6WwIZCD9rG_-hjv7-ts47JNkL9kva9H3a_l0U-62-008Zt79KZo8j65QOjs9R8GXF46uMYo!\/dz\/d5\/L2dBISEvZ0FBIS9nQSEh\/\u0022 target=\u0022_blank\u0022\u003Ewww.seg-social.es\u003C\/a\u003E, en el cap\u00edtulo de Estad\u00edsticas, Presupuestos y Estudios, y eSTADISS, sita en la Sede Electr\u00f3nica, y que permite elaborar informes estad\u00edsticos personales.\u003C\/p\u003E\u003Cp class=\u0022text-align-justify\u0022\u003EAunque nuestro observatorio se centra en el tratamiento de la informaci\u00f3n referida a personas con discapacidad, mostramos en la siguiente imagen como se distribuyen las distintas modalidades de pensiones contributivas, haciendo notar que las \u003Cstrong\u003Eprestaciones por incapacidad permanente\u003C\/strong\u003E representan el 9,4% del total, siendo las pensiones por jubilaci\u00f3n las que acumulan un mayor porcentaje (63,3%) seguidas por las de fallecimiento con un 27,2%\u0026nbsp;(compuestas por las prestaciones de viudedad, orfandad y favor familiar).\u003C\/p\u003E\u003C\/div\u003E\n\n\u003C!-- END CUSTOM TEMPLATE OUTPUT from \u0027themes\/custom\/sub_noahs_theme\/templates\/form\/container.html.twig\u0027 --\u003E\n\n\u003C\/div\u003E\n\n\u003C!-- END CUSTOM TEMPLATE OUTPUT from \u0027themes\/custom\/sub_noahs_theme\/templates\/form\/container.html.twig\u0027 --\u003E\n\n\u003C\/div\u003E\n\n\u003C!-- END CUSTOM TEMPLATE OUTPUT from \u0027themes\/custom\/sub_noahs_theme\/templates\/form\/container.html.twig\u0027 --\u003E\n\n\n\n\u003C!-- THEME DEBUG --\u003E\n\u003C!-- THEME HOOK: \u0027container\u0027 --\u003E\n\u003C!-- \ud83d\udca1 BEGIN CUSTOM TEMPLATE OUTPUT from \u0027themes\/custom\/sub_noahs_theme\/templates\/form\/container.html.twig\u0027 --\u003E\n\u003Cdiv class=\u0022data-bank-indicator-footer mb-lg-0\u0022\u003E\u003C\/div\u003E\n\n\u003C!-- END CUSTOM TEMPLATE OUTPUT from \u0027themes\/custom\/sub_noahs_theme\/templates\/form\/container.html.twig\u0027 --\u003E\n\n\u003C\/div\u003E\n\n\u003C!-- END CUSTOM TEMPLATE OUTPUT from \u0027themes\/custom\/sub_noahs_theme\/templates\/form\/container.html.twig\u0027 --\u003E\n\n\u003C\/div\u003E\n\n\u003C!-- END CUSTOM TEMPLATE OUTPUT from \u0027themes\/custom\/sub_noahs_theme\/templates\/form\/container.html.twig\u0027 --\u003E\n\n","settings":null,"effect":"fade","speed":"slow"}]