[{"command":"insert","method":"replaceWith","selector":"#indicator-content-ajax","data":"\n\n\u003C!-- THEME DEBUG --\u003E\n\u003C!-- THEME HOOK: \u0027container\u0027 --\u003E\n\u003C!-- \ud83d\udca1 BEGIN CUSTOM TEMPLATE OUTPUT from \u0027themes\/custom\/sub_noahs_theme\/templates\/form\/container.html.twig\u0027 --\u003E\n\u003Cdiv id=\u0022indicator-content-ajax\u0022 class=\u0022database-indicators__content js-database-indicators__content  mb-lg-0\u0022\u003E\n\n\u003C!-- THEME DEBUG --\u003E\n\u003C!-- THEME HOOK: \u0027container\u0027 --\u003E\n\u003C!-- \ud83d\udca1 BEGIN CUSTOM TEMPLATE OUTPUT from \u0027themes\/custom\/sub_noahs_theme\/templates\/form\/container.html.twig\u0027 --\u003E\n\u003Cdiv class=\u0022data-bank-indicator mb-lg-0\u0022\u003E\n\n\u003C!-- THEME DEBUG --\u003E\n\u003C!-- THEME HOOK: \u0027container\u0027 --\u003E\n\u003C!-- \ud83d\udca1 BEGIN CUSTOM TEMPLATE OUTPUT from \u0027themes\/custom\/sub_noahs_theme\/templates\/form\/container.html.twig\u0027 --\u003E\n\u003Cdiv class=\u0022data-bank-indicator-header fs-2 lh-1 text-primary pb-4 mb-lg-0\u0022\u003E\u003Cp\u003E5.04. Pensiones no contributivas: Prestaciones econ\u00f3micas para personas con discapacidad\u003C\/p\u003E\n\u003C\/div\u003E\n\n\u003C!-- END CUSTOM TEMPLATE OUTPUT from \u0027themes\/custom\/sub_noahs_theme\/templates\/form\/container.html.twig\u0027 --\u003E\n\n\n\n\u003C!-- THEME DEBUG --\u003E\n\u003C!-- THEME HOOK: \u0027container\u0027 --\u003E\n\u003C!-- \ud83d\udca1 BEGIN CUSTOM TEMPLATE OUTPUT from \u0027themes\/custom\/sub_noahs_theme\/templates\/form\/container.html.twig\u0027 --\u003E\n\u003Cdiv class=\u0022data-bank-indicator-content pb-2 mb-lg-0\u0022\u003E\n\n\u003C!-- THEME DEBUG --\u003E\n\u003C!-- THEME HOOK: \u0027container\u0027 --\u003E\n\u003C!-- \ud83d\udca1 BEGIN CUSTOM TEMPLATE OUTPUT from \u0027themes\/custom\/sub_noahs_theme\/templates\/form\/container.html.twig\u0027 --\u003E\n\u003Cdiv id=\u0022indicator-content-ajax\u0022 class=\u0022daba-bank-full-main  mb-lg-0\u0022\u003E\n\n\u003C!-- THEME DEBUG --\u003E\n\u003C!-- THEME HOOK: \u0027container\u0027 --\u003E\n\u003C!-- \ud83d\udca1 BEGIN CUSTOM TEMPLATE OUTPUT from \u0027themes\/custom\/sub_noahs_theme\/templates\/form\/container.html.twig\u0027 --\u003E\n\u003Cdiv class=\u0022data-bank-indicator-title text-uppercase fs-5 fw-bold pb-2 mb-lg-0\u0022\u003E\u003Cp\u003EDefinici\u00f3n y fuentes\u003C\/p\u003E\n\u003C\/div\u003E\n\n\u003C!-- END CUSTOM TEMPLATE OUTPUT from \u0027themes\/custom\/sub_noahs_theme\/templates\/form\/container.html.twig\u0027 --\u003E\n\n\n\n\u003C!-- THEME DEBUG --\u003E\n\u003C!-- THEME HOOK: \u0027container\u0027 --\u003E\n\u003C!-- \ud83d\udca1 BEGIN CUSTOM TEMPLATE OUTPUT from \u0027themes\/custom\/sub_noahs_theme\/templates\/form\/container.html.twig\u0027 --\u003E\n\u003Cdiv class=\u0022o-field-value mb-lg-0\u0022\u003E\u003Cp\u003EEste indicador recoge el volumen prestaciones econ\u00f3micas para personas con discapacidad, as\u00ed como el importe de dichas prestaciones. Son las siguientes modalidades: el subsidio de garant\u00eda de ingresos m\u00ednimos; el subsidio por ayuda de tercera persona; el subsidio de movilidad y compensaci\u00f3n por gastos de transporte; y el de asistencia sanitaria y prestaci\u00f3n farmac\u00e9utica (estos dos \u00faltimos contemplados para aquellos que se encontraban fuera del sistema de Seguridad Social). Estas prestaciones han sido modificadas en el Real Decreto Legislativo 1\/2013, de 29 de noviembre, que deroga la Ley\u0026nbsp; 13\/1982, de 7 de abril, de\u0026nbsp; Integraci\u00f3n Social de Minusv\u00e1lidos, pasando a denominarse Prestaciones econ\u00f3micas para personas con discapacidad.\u003C\/p\u003E\r\n\r\n\u003Cp\u003ELa fuente utilizada es el \u003Ca href=\u0022http:\/\/www.mitramiss.gob.es\/es\/estadisticas\/anuarios\/index.htm\u0022 target=\u0022_blank\u0022\u003EAnuario de Estad\u00edsticas del Ministerio de Empleo y Seguridad Social\u003C\/a\u003E, que ofrece informaci\u00f3n sobre los indicadores m\u00e1s relevantes relacionados con el mercado laboral, condiciones de trabajo y relaciones laborales y prestaciones de la Seguridad Social.\u003C\/p\u003E\r\n\r\n\u003Cp\u003ELos datos del anuario\u0026nbsp;han sido elaborados por el Instituto Nacional de la Seguridad Social (INSS), que los obtiene mediante la explotaci\u00f3n del fichero de gesti\u00f3n de estas pensiones. Para una mayor informaci\u00f3n sobre Pensiones Contributivas puede acceder a la p\u00e1gina web \u003Ca href=\u0022https:\/\/sede.seg-social.gob.es\/wps\/portal\/sede\/sede\/Ciudadanos\/CiudadanoDetalle\/!ut\/p\/z1\/pVRNc5swEP0tPeSo0eoDIR1xx4PtQDyOQ2x08RAQttpYODF12vz6QJtpMu0YkkEnSex7-_ZpF6zxGmuXnew2q23lsvvmnGqxYURwooBEIUzHECTxZaLYgoVTgle_A-DMCgDrDjwVr_gzAaBIH_4Wa6xzVx_qHU6PpjCbvHK1cbaojhfQXlxAbn8UWZG59uZg3LEpzTRbCkRx3uIPuS1wKijNBZE-Mkp5iBtg6O5OKEQokaXnCclV1q23FaQ_4tfZeof51SbQ3c-xauvtUdDHoftEpo1I_y0AIGxwyQiWt0AJhAyvTtY84cRVj_umyZZvb5AzyrK8JIjlhiNe-hwpWpSIS1pKYTyPcoUn8G-GkCy8NsNcTq8XBKQ_MMMfem8ugcyARiBiCYFaLJPoijDw-UD6WZ-BzdjZbw8POmh6u23nnzVef665gf09tGz0Mf4abxuRWb1D1pUVXr_7_j74P2dHHAIyvxF0MiYw7yj9Q_PT6WwIZCD9rG_-hjv7-ts47JNkL9kva9H3a_l0U-62-008Zt79KZo8j65QOjs9R8GXF46uMYo!\/dz\/d5\/L2dBISEvZ0FBIS9nQSEh\/\u0022 target=\u0022_blank\u0022\u003Ewww.seg-social.es\u003C\/a\u003E, en el cap\u00edtulo de Estad\u00edsticas, Presupuestos y Estudios, y eSTADISS, sita en la Sede Electr\u00f3nica, y que permite elaborar informes estad\u00edsticos personales.\u003C\/p\u003E\r\n\u003C\/div\u003E\n\n\u003C!-- END CUSTOM TEMPLATE OUTPUT from \u0027themes\/custom\/sub_noahs_theme\/templates\/form\/container.html.twig\u0027 --\u003E\n\n\u003C\/div\u003E\n\n\u003C!-- END CUSTOM TEMPLATE OUTPUT from \u0027themes\/custom\/sub_noahs_theme\/templates\/form\/container.html.twig\u0027 --\u003E\n\n\u003C\/div\u003E\n\n\u003C!-- END CUSTOM TEMPLATE OUTPUT from \u0027themes\/custom\/sub_noahs_theme\/templates\/form\/container.html.twig\u0027 --\u003E\n\n\n\n\u003C!-- THEME DEBUG --\u003E\n\u003C!-- THEME HOOK: \u0027container\u0027 --\u003E\n\u003C!-- \ud83d\udca1 BEGIN CUSTOM TEMPLATE OUTPUT from \u0027themes\/custom\/sub_noahs_theme\/templates\/form\/container.html.twig\u0027 --\u003E\n\u003Cdiv class=\u0022data-bank-indicator-footer mb-lg-0\u0022\u003E\u003C\/div\u003E\n\n\u003C!-- END CUSTOM TEMPLATE OUTPUT from \u0027themes\/custom\/sub_noahs_theme\/templates\/form\/container.html.twig\u0027 --\u003E\n\n\u003C\/div\u003E\n\n\u003C!-- END CUSTOM TEMPLATE OUTPUT from \u0027themes\/custom\/sub_noahs_theme\/templates\/form\/container.html.twig\u0027 --\u003E\n\n\u003C\/div\u003E\n\n\u003C!-- END CUSTOM TEMPLATE OUTPUT from \u0027themes\/custom\/sub_noahs_theme\/templates\/form\/container.html.twig\u0027 --\u003E\n\n","settings":null,"effect":"fade","speed":"slow"}]