[{"command":"insert","method":"replaceWith","selector":"#indicator-content-ajax","data":"\n\n\u003C!-- THEME DEBUG --\u003E\n\u003C!-- THEME HOOK: \u0027container\u0027 --\u003E\n\u003C!-- \ud83d\udca1 BEGIN CUSTOM TEMPLATE OUTPUT from \u0027themes\/custom\/sub_noahs_theme\/templates\/form\/container.html.twig\u0027 --\u003E\n\u003Cdiv id=\u0022indicator-content-ajax\u0022 class=\u0022database-indicators__content js-database-indicators__content  mb-lg-0\u0022\u003E\n\n\u003C!-- THEME DEBUG --\u003E\n\u003C!-- THEME HOOK: \u0027container\u0027 --\u003E\n\u003C!-- \ud83d\udca1 BEGIN CUSTOM TEMPLATE OUTPUT from \u0027themes\/custom\/sub_noahs_theme\/templates\/form\/container.html.twig\u0027 --\u003E\n\u003Cdiv class=\u0022data-bank-indicator mb-lg-0\u0022\u003E\n\n\u003C!-- THEME DEBUG --\u003E\n\u003C!-- THEME HOOK: \u0027container\u0027 --\u003E\n\u003C!-- \ud83d\udca1 BEGIN CUSTOM TEMPLATE OUTPUT from \u0027themes\/custom\/sub_noahs_theme\/templates\/form\/container.html.twig\u0027 --\u003E\n\u003Cdiv class=\u0022data-bank-indicator-header fs-2 lh-1 text-primary pb-4 mb-lg-0\u0022\u003E\u003Cp\u003ETasa de paro\u003C\/p\u003E\n\u003C\/div\u003E\n\n\u003C!-- END CUSTOM TEMPLATE OUTPUT from \u0027themes\/custom\/sub_noahs_theme\/templates\/form\/container.html.twig\u0027 --\u003E\n\n\n\n\u003C!-- THEME DEBUG --\u003E\n\u003C!-- THEME HOOK: \u0027container\u0027 --\u003E\n\u003C!-- \ud83d\udca1 BEGIN CUSTOM TEMPLATE OUTPUT from \u0027themes\/custom\/sub_noahs_theme\/templates\/form\/container.html.twig\u0027 --\u003E\n\u003Cdiv class=\u0022data-bank-indicator-content pb-2 mb-lg-0\u0022\u003E\n\n\u003C!-- THEME DEBUG --\u003E\n\u003C!-- THEME HOOK: \u0027container\u0027 --\u003E\n\u003C!-- \ud83d\udca1 BEGIN CUSTOM TEMPLATE OUTPUT from \u0027themes\/custom\/sub_noahs_theme\/templates\/form\/container.html.twig\u0027 --\u003E\n\u003Cdiv id=\u0022indicator-content-ajax\u0022 class=\u0022daba-bank-full-main  mb-lg-0\u0022\u003E\n\n\u003C!-- THEME DEBUG --\u003E\n\u003C!-- THEME HOOK: \u0027container\u0027 --\u003E\n\u003C!-- \ud83d\udca1 BEGIN CUSTOM TEMPLATE OUTPUT from \u0027themes\/custom\/sub_noahs_theme\/templates\/form\/container.html.twig\u0027 --\u003E\n\u003Cdiv class=\u0022data-bank-indicator-title text-uppercase fs-5 fw-bold pb-2 mb-lg-0\u0022\u003E\u003Cp\u003EDefinici\u00f3n y fuentes\u003C\/p\u003E\n\u003C\/div\u003E\n\n\u003C!-- END CUSTOM TEMPLATE OUTPUT from \u0027themes\/custom\/sub_noahs_theme\/templates\/form\/container.html.twig\u0027 --\u003E\n\n\n\n\u003C!-- THEME DEBUG --\u003E\n\u003C!-- THEME HOOK: \u0027container\u0027 --\u003E\n\u003C!-- \ud83d\udca1 BEGIN CUSTOM TEMPLATE OUTPUT from \u0027themes\/custom\/sub_noahs_theme\/templates\/form\/container.html.twig\u0027 --\u003E\n\u003Cdiv class=\u0022o-field-value mb-lg-0\u0022\u003E\u003Ch1 class=\u0022text-align-justify\u0022\u003E\u003Cstrong\u003E\u003Cspan\u003E\u003Cspan\u003E\u003Cspan\u003E\u003Cspan\u003E\u003Cspan\u003EDefinici\u00f3n\u003C\/span\u003E\u003C\/span\u003E\u003C\/span\u003E\u003C\/span\u003E\u003C\/span\u003E\u003C\/strong\u003E\u003C\/h1\u003E\r\n\r\n\u003Cp class=\u0022text-align-justify\u0022\u003E\u003Cspan\u003E\u003Cspan\u003E\u003Cspan\u003ELa tasa de paro es la relaci\u00f3n entre el total de personas con discapacidad mayores de 15 a\u00f1os desocupadas, incluyendo tanto a las personas cesantes, las que buscan empleo trabajo por primera vez, como tambi\u00e9n a aquellas que, aunque no buscaban trabajo, estaban dispuestas a trabajar (desocupaci\u00f3n ampliada) y el total de personas con discapacidad activas. \u003C\/span\u003E\u003C\/span\u003E\u003C\/span\u003E\u003C\/p\u003E\r\n\r\n\u003Cp class=\u0022text-align-justify\u0022\u003E\u003Cspan\u003E\u003Cspan\u003E\u003Cspan\u003EGrupo de Washington (The Washington Group on disability statistics) que identifica las dificultades en seis dominios: ver incluso usando lentes, o\u00edr incluso usando un aud\u00edfono, caminar o subir escalones, recordar o concentrarse, dificultad para realizar tareas de\u0026nbsp; autocuidado, dificultad para comunicarse; con escalas de severidad:\u003C\/span\u003E\u003C\/span\u003E\u003C\/span\u003E\u003C\/p\u003E\r\n\r\n\u003Cul\u003E\r\n\t\u003Cli class=\u0022text-align-justify\u0022\u003E\u003Cspan\u003E\u003Cspan\u003E\u003Cspan\u003ENivel 4: No puede hacerlo; \u003C\/span\u003E\u003C\/span\u003E\u003C\/span\u003E\u003C\/li\u003E\r\n\t\u003Cli class=\u0022text-align-justify\u0022\u003E\u003Cspan\u003E\u003Cspan\u003E\u003Cspan\u003ENivel 3: Si, con mucha dificultad; \u003C\/span\u003E\u003C\/span\u003E\u003C\/span\u003E\u003C\/li\u003E\r\n\t\u003Cli class=\u0022text-align-justify\u0022\u003E\u003Cspan\u003E\u003Cspan\u003E\u003Cspan\u003ENivel 2: si, con alguna dificultad;\u003C\/span\u003E\u003C\/span\u003E\u003C\/span\u003E\u003C\/li\u003E\r\n\t\u003Cli class=\u0022text-align-justify\u0022\u003E\u003Cspan\u003E\u003Cspan\u003E\u003Cspan\u003ENivel 1: sin ninguna dificultad. \u003C\/span\u003E\u003C\/span\u003E\u003C\/span\u003E\u003C\/li\u003E\r\n\u003C\/ul\u003E\r\n\r\n\u003Cp class=\u0022text-align-justify\u0022\u003E\u003Cspan\u003E\u003Cspan\u003E\u003Cspan\u003ESe consideran personas con discapacidad todas aquellas que hayan contestado tener alguna dificultad (Nivel 2) en uno o m\u00e1s dominios, a partir de los 5 a\u00f1os de edad.\u003C\/span\u003E\u003C\/span\u003E\u003C\/span\u003E\u003C\/p\u003E\r\n\r\n\u003Cp class=\u0022text-align-justify\u0022\u003E\u0026nbsp;\u003C\/p\u003E\r\n\r\n\u003Ch1 class=\u0022text-align-justify\u0022\u003E\u003Cstrong\u003E\u003Cspan\u003E\u003Cspan\u003E\u003Cspan\u003E\u003Cspan\u003E\u003Cspan\u003EFuente\u003C\/span\u003E\u003C\/span\u003E\u003C\/span\u003E\u003C\/span\u003E\u003C\/span\u003E\u003C\/strong\u003E\u003C\/h1\u003E\r\n\r\n\u003Cp class=\u0022text-align-justify\u0022\u003E\u003Cspan\u003E\u003Cspan\u003E\u003Cspan\u003EEncuesta de Hogares de Prop\u00f3sitos M\u00faltiples (ENHOGAR) 2021\u003C\/span\u003E\u003C\/span\u003E\u003C\/span\u003E\u003C\/p\u003E\r\n\r\n\u003Cp class=\u0022text-align-justify\u0022\u003E\u003Cspan\u003E\u003Cspan\u003E\u003Cspan\u003EOficina Nacional de Estad\u00edstica\u003C\/span\u003E\u003C\/span\u003E\u003C\/span\u003E\u003C\/p\u003E\r\n\r\n\u003Cp class=\u0022text-align-justify\u0022\u003E\u003Cspan\u003E\u003Cspan\u003E\u003Cspan\u003ERep\u00fablica Dominicana\u003C\/span\u003E\u003C\/span\u003E\u003C\/span\u003E\u003C\/p\u003E\r\n\u003C\/div\u003E\n\n\u003C!-- END CUSTOM TEMPLATE OUTPUT from \u0027themes\/custom\/sub_noahs_theme\/templates\/form\/container.html.twig\u0027 --\u003E\n\n\u003C\/div\u003E\n\n\u003C!-- END CUSTOM TEMPLATE OUTPUT from \u0027themes\/custom\/sub_noahs_theme\/templates\/form\/container.html.twig\u0027 --\u003E\n\n\u003C\/div\u003E\n\n\u003C!-- END CUSTOM TEMPLATE OUTPUT from \u0027themes\/custom\/sub_noahs_theme\/templates\/form\/container.html.twig\u0027 --\u003E\n\n\n\n\u003C!-- THEME DEBUG --\u003E\n\u003C!-- THEME HOOK: \u0027container\u0027 --\u003E\n\u003C!-- \ud83d\udca1 BEGIN CUSTOM TEMPLATE OUTPUT from \u0027themes\/custom\/sub_noahs_theme\/templates\/form\/container.html.twig\u0027 --\u003E\n\u003Cdiv class=\u0022data-bank-indicator-footer mb-lg-0\u0022\u003E\u003C\/div\u003E\n\n\u003C!-- END CUSTOM TEMPLATE OUTPUT from \u0027themes\/custom\/sub_noahs_theme\/templates\/form\/container.html.twig\u0027 --\u003E\n\n\u003C\/div\u003E\n\n\u003C!-- END CUSTOM TEMPLATE OUTPUT from \u0027themes\/custom\/sub_noahs_theme\/templates\/form\/container.html.twig\u0027 --\u003E\n\n\u003C\/div\u003E\n\n\u003C!-- END CUSTOM TEMPLATE OUTPUT from \u0027themes\/custom\/sub_noahs_theme\/templates\/form\/container.html.twig\u0027 --\u003E\n\n","settings":null,"effect":"fade","speed":"slow"}]