[{"command":"insert","method":"replaceWith","selector":"#indicator-content-ajax","data":"\n\n\u003C!-- THEME DEBUG --\u003E\n\u003C!-- THEME HOOK: \u0027container\u0027 --\u003E\n\u003C!-- \ud83d\udca1 BEGIN CUSTOM TEMPLATE OUTPUT from \u0027themes\/custom\/sub_noahs_theme\/templates\/form\/container.html.twig\u0027 --\u003E\n\u003Cdiv id=\u0022indicator-content-ajax\u0022 class=\u0022database-indicators__content js-database-indicators__content  mb-lg-0\u0022\u003E\n\n\u003C!-- THEME DEBUG --\u003E\n\u003C!-- THEME HOOK: \u0027container\u0027 --\u003E\n\u003C!-- \ud83d\udca1 BEGIN CUSTOM TEMPLATE OUTPUT from \u0027themes\/custom\/sub_noahs_theme\/templates\/form\/container.html.twig\u0027 --\u003E\n\u003Cdiv class=\u0022data-bank-indicator mb-lg-0\u0022\u003E\n\n\u003C!-- THEME DEBUG --\u003E\n\u003C!-- THEME HOOK: \u0027container\u0027 --\u003E\n\u003C!-- \ud83d\udca1 BEGIN CUSTOM TEMPLATE OUTPUT from \u0027themes\/custom\/sub_noahs_theme\/templates\/form\/container.html.twig\u0027 --\u003E\n\u003Cdiv class=\u0022data-bank-indicator-header fs-2 lh-1 text-primary pb-4 mb-lg-0\u0022\u003E\u003Cp\u003EParaguay. Perfil ocupacional de la poblaci\u00f3n con discapacidad\u003C\/p\u003E\n\u003C\/div\u003E\n\n\u003C!-- END CUSTOM TEMPLATE OUTPUT from \u0027themes\/custom\/sub_noahs_theme\/templates\/form\/container.html.twig\u0027 --\u003E\n\n\n\n\u003C!-- THEME DEBUG --\u003E\n\u003C!-- THEME HOOK: \u0027container\u0027 --\u003E\n\u003C!-- \ud83d\udca1 BEGIN CUSTOM TEMPLATE OUTPUT from \u0027themes\/custom\/sub_noahs_theme\/templates\/form\/container.html.twig\u0027 --\u003E\n\u003Cdiv class=\u0022data-bank-indicator-content pb-2 mb-lg-0\u0022\u003E\n\n\u003C!-- THEME DEBUG --\u003E\n\u003C!-- THEME HOOK: \u0027container\u0027 --\u003E\n\u003C!-- \ud83d\udca1 BEGIN CUSTOM TEMPLATE OUTPUT from \u0027themes\/custom\/sub_noahs_theme\/templates\/form\/container.html.twig\u0027 --\u003E\n\u003Cdiv id=\u0022indicator-content-ajax\u0022 class=\u0022daba-bank-full-main  mb-lg-0\u0022\u003E\n\n\u003C!-- THEME DEBUG --\u003E\n\u003C!-- THEME HOOK: \u0027container\u0027 --\u003E\n\u003C!-- \ud83d\udca1 BEGIN CUSTOM TEMPLATE OUTPUT from \u0027themes\/custom\/sub_noahs_theme\/templates\/form\/container.html.twig\u0027 --\u003E\n\u003Cdiv class=\u0022data-bank-indicator-title text-uppercase fs-5 fw-bold pb-2 mb-lg-0\u0022\u003E\u003Cp\u003EDefinici\u00f3n y fuentes\u003C\/p\u003E\n\u003C\/div\u003E\n\n\u003C!-- END CUSTOM TEMPLATE OUTPUT from \u0027themes\/custom\/sub_noahs_theme\/templates\/form\/container.html.twig\u0027 --\u003E\n\n\n\n\u003C!-- THEME DEBUG --\u003E\n\u003C!-- THEME HOOK: \u0027container\u0027 --\u003E\n\u003C!-- \ud83d\udca1 BEGIN CUSTOM TEMPLATE OUTPUT from \u0027themes\/custom\/sub_noahs_theme\/templates\/form\/container.html.twig\u0027 --\u003E\n\u003Cdiv class=\u0022o-field-value mb-lg-0\u0022\u003E\u003Cp\u003ESe recoge en esta secci\u00f3n la distribuci\u00f3n de la poblaci\u00f3n ocupada por categor\u00eda ocupacional, por ocupaci\u00f3n principal y por rama de actividad.\u003C\/p\u003E\u003Cp\u003ELa variable \u201ccategor\u00eda ocupacional\u201d contempla las siguientes situaciones:\u003C\/p\u003E\u003Cul\u003E\u003Cli\u003ETrabajador por cuenta propia\u003C\/li\u003E\u003Cli\u003EEmpleado\/obrero privado\u003C\/li\u003E\u003Cli\u003EEmpleado\/obrero p\u00fablico\u003C\/li\u003E\u003Cli\u003ETrabajador familiar no remunerado\u003C\/li\u003E\u003Cli\u003EEmpleado dom\u00e9stico\u003C\/li\u003E\u003Cli\u003EPatr\u00f3n\u003C\/li\u003E\u003Cli\u003ENo especificado\u003C\/li\u003E\u003C\/ul\u003E\u003Cp\u003ELa variable \u201cocupaci\u00f3n principal\u201d se desglosa en las siguientes categor\u00edas:\u003C\/p\u003E\u003Cul\u003E\u003Cli\u003EDirectores y gerentes\u003C\/li\u003E\u003Cli\u003EProfesionales cient\u00edficos e intelectuales\u003C\/li\u003E\u003Cli\u003ET\u00e9cnicos y profesionales de nivel medio\u003C\/li\u003E\u003Cli\u003EPersonal de apoyo administrativo\u003C\/li\u003E\u003Cli\u003ETrabajadores de los servicios y vendedores de comercios y mercados\u003C\/li\u003E\u003Cli\u003EAgricultores y trabajadores calificados agropecuarios, forestales y pesqueros\u003C\/li\u003E\u003Cli\u003EOficiales, operarios y artesanos de artes mec\u00e1nicas y de otros oficios\u003C\/li\u003E\u003Cli\u003EOperadores de instalaciones y m\u00e1quinas y ensambladores\u003C\/li\u003E\u003Cli\u003EOcupaciones elementales\u003C\/li\u003E\u003Cli\u003EOcupaciones militares\u003C\/li\u003E\u003Cli\u003ENo informado\u003C\/li\u003E\u003C\/ul\u003E\u003Cp\u003ELa variable \u201crama de actividad\u201d se ha categorizado como sigue:\u003C\/p\u003E\u003Cul\u003E\u003Cli\u003ESector Primario (agricultura, ganader\u00eda, caza y pesca) \u003C\/li\u003E\u003Cli\u003ESector Secundario (industrias manufactureras, construcci\u00f3n, minas y canteras)\u003C\/li\u003E\u003Cli\u003ESector Terciario (electricidad, gas y agua, comercio, restaurantes y hoteles, transporte, almacenamiento y comunicaciones, finanzas, seguros, inmuebles, servicios comunales, sociales y personales)\u003C\/li\u003E\u003Cli\u003ENo informado\u003C\/li\u003E\u003C\/ul\u003E\u003Cp\u003ELa explotaci\u00f3n de los datos del censo utiliza dos criterios de medici\u00f3n de las situaciones de discapacidad. Por una parte, considera persona con dificultad o limitaci\u00f3n a quien ha contestado que s\u00ed tiene dificultad (poca o mucha) o que no puede realizar alguna de las actividades consideradas (desplazarse o manipular objetos, ver, o\u00edr y atender al propio cuidado personal), y, por otra, considera persona con discapacidad a quien ha contestado que tiene mucha dificultad o no puede realizar alguna de estas actividades.\u003C\/p\u003E\u003Cp\u003E\u003Cstrong\u003EFuente:\u0026nbsp;\u003C\/strong\u003E\u003C\/p\u003E\u003Cp\u003EInstituto Nacional de Estad\u00edstica (2024): Censo de Poblaci\u00f3n y Viviendas de Paraguay 2022.\u0026nbsp;\u003C\/p\u003E\u003Cp\u003E\u003Cstrong\u003EMetodolog\u00eda:\u0026nbsp;\u003C\/strong\u003E\u003C\/p\u003E\u003Cp\u003EElaboraci\u00f3n propia a partir de consultas realizadas mediante la aplicaci\u00f3n REDATAM.\u0026nbsp;\u003C\/p\u003E\u003C\/div\u003E\n\n\u003C!-- END CUSTOM TEMPLATE OUTPUT from \u0027themes\/custom\/sub_noahs_theme\/templates\/form\/container.html.twig\u0027 --\u003E\n\n\u003C\/div\u003E\n\n\u003C!-- END CUSTOM TEMPLATE OUTPUT from \u0027themes\/custom\/sub_noahs_theme\/templates\/form\/container.html.twig\u0027 --\u003E\n\n\u003C\/div\u003E\n\n\u003C!-- END CUSTOM TEMPLATE OUTPUT from \u0027themes\/custom\/sub_noahs_theme\/templates\/form\/container.html.twig\u0027 --\u003E\n\n\n\n\u003C!-- THEME DEBUG --\u003E\n\u003C!-- THEME HOOK: \u0027container\u0027 --\u003E\n\u003C!-- \ud83d\udca1 BEGIN CUSTOM TEMPLATE OUTPUT from \u0027themes\/custom\/sub_noahs_theme\/templates\/form\/container.html.twig\u0027 --\u003E\n\u003Cdiv class=\u0022data-bank-indicator-footer mb-lg-0\u0022\u003E\u003C\/div\u003E\n\n\u003C!-- END CUSTOM TEMPLATE OUTPUT from \u0027themes\/custom\/sub_noahs_theme\/templates\/form\/container.html.twig\u0027 --\u003E\n\n\u003C\/div\u003E\n\n\u003C!-- END CUSTOM TEMPLATE OUTPUT from \u0027themes\/custom\/sub_noahs_theme\/templates\/form\/container.html.twig\u0027 --\u003E\n\n\u003C\/div\u003E\n\n\u003C!-- END CUSTOM TEMPLATE OUTPUT from \u0027themes\/custom\/sub_noahs_theme\/templates\/form\/container.html.twig\u0027 --\u003E\n\n","settings":null,"effect":"fade","speed":"slow"}]