[{"command":"insert","method":"replaceWith","selector":"#indicator-content-ajax","data":"\n\n\u003C!-- THEME DEBUG --\u003E\n\u003C!-- THEME HOOK: \u0027container\u0027 --\u003E\n\u003C!-- \ud83d\udca1 BEGIN CUSTOM TEMPLATE OUTPUT from \u0027themes\/custom\/sub_noahs_theme\/templates\/form\/container.html.twig\u0027 --\u003E\n\u003Cdiv id=\u0022indicator-content-ajax\u0022 class=\u0022database-indicators__content js-database-indicators__content  mb-lg-0\u0022\u003E\n\n\u003C!-- THEME DEBUG --\u003E\n\u003C!-- THEME HOOK: \u0027container\u0027 --\u003E\n\u003C!-- \ud83d\udca1 BEGIN CUSTOM TEMPLATE OUTPUT from \u0027themes\/custom\/sub_noahs_theme\/templates\/form\/container.html.twig\u0027 --\u003E\n\u003Cdiv class=\u0022data-bank-indicator mb-lg-0\u0022\u003E\n\n\u003C!-- THEME DEBUG --\u003E\n\u003C!-- THEME HOOK: \u0027container\u0027 --\u003E\n\u003C!-- \ud83d\udca1 BEGIN CUSTOM TEMPLATE OUTPUT from \u0027themes\/custom\/sub_noahs_theme\/templates\/form\/container.html.twig\u0027 --\u003E\n\u003Cdiv class=\u0022data-bank-indicator-header fs-2 lh-1 text-primary pb-4 mb-lg-0\u0022\u003E\u003Cp\u003EBolivia. Poblaci\u00f3n con discapacidad\u003C\/p\u003E\n\u003C\/div\u003E\n\n\u003C!-- END CUSTOM TEMPLATE OUTPUT from \u0027themes\/custom\/sub_noahs_theme\/templates\/form\/container.html.twig\u0027 --\u003E\n\n\n\n\u003C!-- THEME DEBUG --\u003E\n\u003C!-- THEME HOOK: \u0027container\u0027 --\u003E\n\u003C!-- \ud83d\udca1 BEGIN CUSTOM TEMPLATE OUTPUT from \u0027themes\/custom\/sub_noahs_theme\/templates\/form\/container.html.twig\u0027 --\u003E\n\u003Cdiv class=\u0022data-bank-indicator-content pb-2 mb-lg-0\u0022\u003E\n\n\u003C!-- THEME DEBUG --\u003E\n\u003C!-- THEME HOOK: \u0027container\u0027 --\u003E\n\u003C!-- \ud83d\udca1 BEGIN CUSTOM TEMPLATE OUTPUT from \u0027themes\/custom\/sub_noahs_theme\/templates\/form\/container.html.twig\u0027 --\u003E\n\u003Cdiv id=\u0022indicator-content-ajax\u0022 class=\u0022daba-bank-full-main  mb-lg-0\u0022\u003E\n\n\u003C!-- THEME DEBUG --\u003E\n\u003C!-- THEME HOOK: \u0027container\u0027 --\u003E\n\u003C!-- \ud83d\udca1 BEGIN CUSTOM TEMPLATE OUTPUT from \u0027themes\/custom\/sub_noahs_theme\/templates\/form\/container.html.twig\u0027 --\u003E\n\u003Cdiv class=\u0022data-bank-indicator-title text-uppercase fs-5 fw-bold pb-2 mb-lg-0\u0022\u003E\u003Cp\u003EDefinici\u00f3n y fuentes\u003C\/p\u003E\n\u003C\/div\u003E\n\n\u003C!-- END CUSTOM TEMPLATE OUTPUT from \u0027themes\/custom\/sub_noahs_theme\/templates\/form\/container.html.twig\u0027 --\u003E\n\n\n\n\u003C!-- THEME DEBUG --\u003E\n\u003C!-- THEME HOOK: \u0027container\u0027 --\u003E\n\u003C!-- \ud83d\udca1 BEGIN CUSTOM TEMPLATE OUTPUT from \u0027themes\/custom\/sub_noahs_theme\/templates\/form\/container.html.twig\u0027 --\u003E\n\u003Cdiv class=\u0022o-field-value mb-lg-0\u0022\u003E\u003Cp\u003EBolivia cuenta con un sistema de registro de personas con discapacidad denominado \u201cSistema del Programa de Registro \u00danico Nacional de Personas con Discapacidad\u201d (SIPRUNPCD), que permite registrar, calificar y carnetizar a las personas con discapacidad reconocida por las Unidades Especializadas Departamentales de Atenci\u00f3n a Personas con Discapacidad.\u0026nbsp; Tambi\u00e9n tienen la consideraci\u00f3n de personas con discapacidad los afiliados al Instituto Boliviano de Ceguera (IBC).\u0026nbsp;\u003C\/p\u003E\u003Cp\u003EA la fecha de cierre de esta informaci\u00f3n, SIPRUNPCD tiene registradas a algo m\u00e1s de 110 personas con discapacidad, y el Instituto Boliviano de Ceguera a algo m\u00e1s de 7 mil, lo que supone, en conjunto, alrededor del 1% de la poblaci\u00f3n total de Bolivia.\u003C\/p\u003E\u003Cp\u003EEn la Encuesta de Hogares de 2021 se incluyeron las seis preguntas propuestas por el Grupo de Washington de Estad\u00edsticas de Discapacidad en su lista corta, m\u00e1s una pregunta adicional orientada a detectar casos de discapacidad psicosocial. Estas preguntas son las siguientes:\u003C\/p\u003E\u003Cp\u003E\u00bfTiene (\u2026) alguna dificultad permanente, que le limite o impida\u2026\u003C\/p\u003E\u003Col\u003E\u003Cli\u003Ever, a\u00fan con los anteojos o lentes puestos?\u003C\/li\u003E\u003Cli\u003Eo\u00edr, aun cuando utilice alg\u00fan dispositivo auditivo?\u003C\/li\u003E\u003Cli\u003Ecaminar o subir gradas?\u003C\/li\u003E\u003Cli\u003Eaprender, recordar, concentrarse, razonar para desarrollar actividades de la vida diaria?\u003C\/li\u003E\u003Cli\u003Eautocuidado personal como vestirse, ba\u00f1arse o comer?\u003C\/li\u003E\u003Cli\u003Ehablar, comunicarse o conversar, aun cuando utilice lengua de se\u00f1as u otro medio de comunicaci\u00f3n?\u003C\/li\u003E\u003Cli\u003Eadaptarse, comprender la realidad o tiene alteraciones o trastornos mentales o ps\u00edquicos?\u003C\/li\u003E\u003C\/ol\u003E\u003Cp\u003EA cada una de estas preguntas se puede responder con una de las siguientes opciones:\u003C\/p\u003E\u003Col\u003E\u003Cli\u003ENinguna dificultad\u003C\/li\u003E\u003Cli\u003ES\u00ed, algo de dificultad \u003C\/li\u003E\u003Cli\u003ES\u00ed, mucha dificultad\u003C\/li\u003E\u003Cli\u003ENo puedo hacerlo\u003C\/li\u003E\u003C\/ol\u003E\u003Cp\u003EDe acuerdo con las respuestas a estas preguntas, se puede clasificar a la poblaci\u00f3n en los siguientes grupos:\u003C\/p\u003E\u003Col\u003E\u003Cli\u003Epersonas sin discapacidad: quienes han contestado \u201cNinguna dificultad\u201d a las siete preguntas formuladas.\u003C\/li\u003E\u003Cli\u003Epersonas con discapacidad moderada: quienes han contestado \u201cS\u00ed, algo de dificultad\u201d a al menos una de las siete preguntas, y no han respondido a ninguna \u201cS\u00ed, mucha dificultad\u201d o \u201cNo puedo hacerlo\u201d.\u003C\/li\u003E\u003Cli\u003Epersonas con discapacidad severa: quienes han contestado \u201cS\u00ed, mucha dificultad\u201d a al menos una de las siete preguntas, y no han respondido a ninguna \u201cNo puedo hacerlo\u201d.\u003C\/li\u003E\u003Cli\u003Epersonas con discapacidad total: quienes han contestado \u201cNo puedo hacerlo\u201d a al menos una de las siete preguntas.\u003C\/li\u003E\u003C\/ol\u003E\u003Cp\u003E\u003Cstrong\u003EFuentes\u003C\/strong\u003E:\u003C\/p\u003E\u003Cul\u003E\u003Cli\u003ESistema del Programa de Registro \u00danico Nacional de Personas con Discapacidad\u201d (SIPRUNPCD)\u003C\/li\u003E\u003Cli\u003ERegistro de afiliados del Instituto Boliviano de Ceguera\u003C\/li\u003E\u003Cli\u003EEncuesta de Hogares 2021\u003C\/li\u003E\u003C\/ul\u003E\u003Cp\u003E\u003Cstrong\u003EMetodolog\u00eda\u003C\/strong\u003E:\u003C\/p\u003E\u003Cp\u003EElaboraci\u00f3n propia a partir de fuentes secundarias (SIPRUNPCD e Instituto Boliviano de Ceguera) y de los microdatos publicados para uso estad\u00edstico (Encuesta de Hogares 2021).\u003C\/p\u003E\u003C\/div\u003E\n\n\u003C!-- END CUSTOM TEMPLATE OUTPUT from \u0027themes\/custom\/sub_noahs_theme\/templates\/form\/container.html.twig\u0027 --\u003E\n\n\u003C\/div\u003E\n\n\u003C!-- END CUSTOM TEMPLATE OUTPUT from \u0027themes\/custom\/sub_noahs_theme\/templates\/form\/container.html.twig\u0027 --\u003E\n\n\u003C\/div\u003E\n\n\u003C!-- END CUSTOM TEMPLATE OUTPUT from \u0027themes\/custom\/sub_noahs_theme\/templates\/form\/container.html.twig\u0027 --\u003E\n\n\n\n\u003C!-- THEME DEBUG --\u003E\n\u003C!-- THEME HOOK: \u0027container\u0027 --\u003E\n\u003C!-- \ud83d\udca1 BEGIN CUSTOM TEMPLATE OUTPUT from \u0027themes\/custom\/sub_noahs_theme\/templates\/form\/container.html.twig\u0027 --\u003E\n\u003Cdiv class=\u0022data-bank-indicator-footer mb-lg-0\u0022\u003E\u003C\/div\u003E\n\n\u003C!-- END CUSTOM TEMPLATE OUTPUT from \u0027themes\/custom\/sub_noahs_theme\/templates\/form\/container.html.twig\u0027 --\u003E\n\n\u003C\/div\u003E\n\n\u003C!-- END CUSTOM TEMPLATE OUTPUT from \u0027themes\/custom\/sub_noahs_theme\/templates\/form\/container.html.twig\u0027 --\u003E\n\n\u003C\/div\u003E\n\n\u003C!-- END CUSTOM TEMPLATE OUTPUT from \u0027themes\/custom\/sub_noahs_theme\/templates\/form\/container.html.twig\u0027 --\u003E\n\n","settings":null,"effect":"fade","speed":"slow"}]