[{"command":"insert","method":"replaceWith","selector":"#indicator-content-ajax","data":"\n\n\u003C!-- THEME DEBUG --\u003E\n\u003C!-- THEME HOOK: \u0027container\u0027 --\u003E\n\u003C!-- \ud83d\udca1 BEGIN CUSTOM TEMPLATE OUTPUT from \u0027themes\/custom\/sub_noahs_theme\/templates\/form\/container.html.twig\u0027 --\u003E\n\u003Cdiv id=\u0022indicator-content-ajax\u0022 class=\u0022database-indicators__content js-database-indicators__content  mb-lg-0\u0022\u003E\n\n\u003C!-- THEME DEBUG --\u003E\n\u003C!-- THEME HOOK: \u0027container\u0027 --\u003E\n\u003C!-- \ud83d\udca1 BEGIN CUSTOM TEMPLATE OUTPUT from \u0027themes\/custom\/sub_noahs_theme\/templates\/form\/container.html.twig\u0027 --\u003E\n\u003Cdiv class=\u0022data-bank-indicator mb-lg-0\u0022\u003E\n\n\u003C!-- THEME DEBUG --\u003E\n\u003C!-- THEME HOOK: \u0027container\u0027 --\u003E\n\u003C!-- \ud83d\udca1 BEGIN CUSTOM TEMPLATE OUTPUT from \u0027themes\/custom\/sub_noahs_theme\/templates\/form\/container.html.twig\u0027 --\u003E\n\u003Cdiv class=\u0022data-bank-indicator-header fs-2 lh-1 text-primary pb-4 mb-lg-0\u0022\u003E\u003Cp\u003EBrasil. Tasa de empleo de la poblaci\u00f3n con discapacidad\u003C\/p\u003E\n\u003C\/div\u003E\n\n\u003C!-- END CUSTOM TEMPLATE OUTPUT from \u0027themes\/custom\/sub_noahs_theme\/templates\/form\/container.html.twig\u0027 --\u003E\n\n\n\n\u003C!-- THEME DEBUG --\u003E\n\u003C!-- THEME HOOK: \u0027container\u0027 --\u003E\n\u003C!-- \ud83d\udca1 BEGIN CUSTOM TEMPLATE OUTPUT from \u0027themes\/custom\/sub_noahs_theme\/templates\/form\/container.html.twig\u0027 --\u003E\n\u003Cdiv class=\u0022data-bank-indicator-content pb-2 mb-lg-0\u0022\u003E\n\n\u003C!-- THEME DEBUG --\u003E\n\u003C!-- THEME HOOK: \u0027container\u0027 --\u003E\n\u003C!-- \ud83d\udca1 BEGIN CUSTOM TEMPLATE OUTPUT from \u0027themes\/custom\/sub_noahs_theme\/templates\/form\/container.html.twig\u0027 --\u003E\n\u003Cdiv id=\u0022indicator-content-ajax\u0022 class=\u0022daba-bank-full-main  mb-lg-0\u0022\u003E\n\n\u003C!-- THEME DEBUG --\u003E\n\u003C!-- THEME HOOK: \u0027container\u0027 --\u003E\n\u003C!-- \ud83d\udca1 BEGIN CUSTOM TEMPLATE OUTPUT from \u0027themes\/custom\/sub_noahs_theme\/templates\/form\/container.html.twig\u0027 --\u003E\n\u003Cdiv class=\u0022data-bank-indicator-title text-uppercase fs-5 fw-bold pb-2 mb-lg-0\u0022\u003E\u003Cp\u003EDefinici\u00f3n y fuentes\u003C\/p\u003E\n\u003C\/div\u003E\n\n\u003C!-- END CUSTOM TEMPLATE OUTPUT from \u0027themes\/custom\/sub_noahs_theme\/templates\/form\/container.html.twig\u0027 --\u003E\n\n\n\n\u003C!-- THEME DEBUG --\u003E\n\u003C!-- THEME HOOK: \u0027container\u0027 --\u003E\n\u003C!-- \ud83d\udca1 BEGIN CUSTOM TEMPLATE OUTPUT from \u0027themes\/custom\/sub_noahs_theme\/templates\/form\/container.html.twig\u0027 --\u003E\n\u003Cdiv class=\u0022o-field-value mb-lg-0\u0022\u003E\u003Cp\u003ELa tasa de empleo representa la relaci\u00f3n entre la poblaci\u00f3n ocupada y el total de la poblaci\u00f3n en edad de trabajar (la Encuesta Nacional Continua por Muestreo de Hogares, en el m\u00f3dulo de discapacidad incluido en su aplicaci\u00f3n del tercer trimestre de 2022, consider\u00f3 que estaban en edad de trabajar las personas de 14 y m\u00e1s a\u00f1os).\u0026nbsp;\u003C\/p\u003E\u003Cp\u003ESe consideran como ocupadas las personas que, durante la semana de referencia (semana de domingo a s\u00e1bado que precede a la de realizaci\u00f3n de la entrevista), trabajaron al menos una hora completa de trabajo remunerado en efectivo, productos, bienes o prestaciones (vivienda, alimentaci\u00f3n, vestido, formaci\u00f3n, etc.) o en un trabajo sin remuneraci\u00f3n directa, apoyando la actividad econ\u00f3mica de un miembro del hogar, o quienes tuvieron un trabajo remunerado del que estuvieron ausentes temporalmente durante esa semana.\u003C\/p\u003E\u003Cp\u003ETambi\u00e9n se consideran ocupadas las personas que no trabajaron al menos una hora completa durante la semana de referencia debido a vacaciones, tiempo libre, horario variable, baja por maternidad o factores ocasionales, y las personas que, en la fecha de referencia, estuvieron, durante un per\u00edodo inferior a cuatro meses: ausentes del trabajo con licencia remunerada por enfermedad o accidente propio u otro tipo de licencia remunerada; las personas ausentes de su propia empresa sin ser remuneradas por una instituci\u00f3n de seguridad social; o en huelga o paro laboral.\u003C\/p\u003E\u003Cp\u003ELas personas ausentes por motivos distintos a los mencionados tambi\u00e9n se consideraron ocupadas, siempre que continuaran percibiendo al menos parte de su salario y el per\u00edodo transcurrido desde su ausencia fuera inferior a cuatro meses.\u0026nbsp;\u003C\/p\u003E\u003Cp\u003E\u003Cstrong\u003EFuente\u003C\/strong\u003E:\u003C\/p\u003E\u003Cp\u003EPesquisa Nacional por Amostra de Domicilios Continua, PNADC, 3er Trimestre de 2022\u003C\/p\u003E\u003Cp\u003E\u003Cstrong\u003EMetodolog\u00eda\u003C\/strong\u003E:\u003C\/p\u003E\u003Cp\u003EElaboraci\u00f3n propia a partir de los microdatos publicados para uso estad\u00edstico.\u003C\/p\u003E\u003C\/div\u003E\n\n\u003C!-- END CUSTOM TEMPLATE OUTPUT from \u0027themes\/custom\/sub_noahs_theme\/templates\/form\/container.html.twig\u0027 --\u003E\n\n\u003C\/div\u003E\n\n\u003C!-- END CUSTOM TEMPLATE OUTPUT from \u0027themes\/custom\/sub_noahs_theme\/templates\/form\/container.html.twig\u0027 --\u003E\n\n\u003C\/div\u003E\n\n\u003C!-- END CUSTOM TEMPLATE OUTPUT from \u0027themes\/custom\/sub_noahs_theme\/templates\/form\/container.html.twig\u0027 --\u003E\n\n\n\n\u003C!-- THEME DEBUG --\u003E\n\u003C!-- THEME HOOK: \u0027container\u0027 --\u003E\n\u003C!-- \ud83d\udca1 BEGIN CUSTOM TEMPLATE OUTPUT from \u0027themes\/custom\/sub_noahs_theme\/templates\/form\/container.html.twig\u0027 --\u003E\n\u003Cdiv class=\u0022data-bank-indicator-footer mb-lg-0\u0022\u003E\u003C\/div\u003E\n\n\u003C!-- END CUSTOM TEMPLATE OUTPUT from \u0027themes\/custom\/sub_noahs_theme\/templates\/form\/container.html.twig\u0027 --\u003E\n\n\u003C\/div\u003E\n\n\u003C!-- END CUSTOM TEMPLATE OUTPUT from \u0027themes\/custom\/sub_noahs_theme\/templates\/form\/container.html.twig\u0027 --\u003E\n\n\u003C\/div\u003E\n\n\u003C!-- END CUSTOM TEMPLATE OUTPUT from \u0027themes\/custom\/sub_noahs_theme\/templates\/form\/container.html.twig\u0027 --\u003E\n\n","settings":null,"effect":"fade","speed":"slow"}]